{"id":3676,"date":"2018-08-07T13:53:52","date_gmt":"2018-08-07T11:53:52","guid":{"rendered":"http:\/\/montaketak.com\/?p=3676"},"modified":"2018-08-07T13:53:52","modified_gmt":"2018-08-07T11:53:52","slug":"iii-edicion-festival-de-la-montana-riano-2018","status":"publish","type":"post","link":"http:\/\/montaketak.com\/eu\/iii-edicion-festival-de-la-montana-riano-2018\/","title":{"rendered":"III EDICION FESTIVAL DE LA MONTA\u00d1A RIA\u00d1O 2018"},"content":{"rendered":"<p>El festival\u00a0<strong>M\u00fasica en la Monta\u00f1a<\/strong>, organizado por la\u00a0<strong>Consejer\u00eda de Fomento y Medio Ambiente<\/strong>, a trav\u00e9s de la Fundaci\u00f3n Patrimonio Natural, se celebr\u00f3 este s\u00e1bado en la localidad leonesa de<strong>\u00a0Ria\u00f1o\u00a0<\/strong>con m\u00e1s de 4.500 asistentes, superando la afluencia esperada.<\/p>\n<p>La noche comenz\u00f3 con la actuaci\u00f3n de\u00a0<strong>Leo Harlem<\/strong>\u00a0y continu\u00f3 con el concierto de la banda inglesa\u00a0<strong>Symphonic Rhapsody of Queen<\/strong>\u00a0y la interpretaci\u00f3n de\u00a0<strong>Dax&amp;Sweet<\/strong>, una propuesta innovadora que interpretaron los m\u00fasicos\u00a0<strong>Anthony Jim\u00e9nez\u00a0<\/strong>y<strong>\u00a0Mel Minu\u00e9<\/strong>, Dj y violinista, y que concluy\u00f3 a la 1.30 horas.<\/p>\n<p>As\u00ed, la tercera edici\u00f3n de M\u00fasica en la Monta\u00f1a volvi\u00f3 a poner en valor la m\u00fasica y la difusi\u00f3n de los valores naturales de la monta\u00f1a de Ria\u00f1o y Mampodre. El festival, organizado por la\u00a0<strong>Junta de Castilla y Le\u00f3n<\/strong>, fue patrocinado por\u00a0<strong>Movistar\u00a0<\/strong>y ha contado con la colaboraci\u00f3n del\u00a0<strong>Ayuntamiento de Ria\u00f1o, Coca Cola<\/strong>\u00a0y\u00a0<strong>Alsa<\/strong>, empresa que permiti\u00f3 conectar Le\u00f3n con Ria\u00f1o durante el d\u00eda de ayer.<\/p>\n<p><strong>Otro a\u00f1o m\u00e1s Montaketak instal\u00f3 la infraestructura necesaria para un GRAND\u00cdSIMO EVENTO!!!<\/strong><\/p>\n<p><strong>GRACIAS RIA\u00d1O<\/strong><\/p>\n","protected":false},"excerpt":{"rendered":"<p>El festival\u00a0M\u00fasica en la Monta\u00f1a, organizado por la\u00a0Consejer\u00eda de Fomento y Medio Ambiente, a trav\u00e9s de la Fundaci\u00f3n Patrimonio Natural, se celebr\u00f3 este s\u00e1bado en la localidad leonesa de\u00a0Ria\u00f1o\u00a0con m\u00e1s de 4.500 asistentes, superando la afluencia esperada. La noche comenz\u00f3 con la actuaci\u00f3n de\u00a0Leo Harlem\u00a0y continu\u00f3 con el concierto de la banda inglesa\u00a0Symphonic Rhapsody of&hellip;<\/p>\n","protected":false},"author":9192193,"featured_media":3677,"comment_status":"open","ping_status":"open","sticky":false,"template":"","format":"standard","meta":[],"categories":[35],"tags":[],"class_list":["post-3676","post","type-post","status-publish","format-standard","has-post-thumbnail","hentry","category-montajes-eventos","category-35","description-off"],"yoast_head":"<!-- This site is optimized with the Yoast SEO plugin v26.2 - https:\/\/yoast.com\/wordpress\/plugins\/seo\/ -->\n<title>III EDICION FESTIVAL DE LA MONTA\u00d1A RIA\u00d1O 2018 - Montaketak. Estructuras para eventos<\/title>\n<meta name=\"robots\" content=\"noindex, follow\" \/>\n<meta property=\"og:locale\" content=\"en_US\" \/>\n<meta property=\"og:type\" content=\"article\" \/>\n<meta property=\"og:title\" content=\"III EDICION FESTIVAL DE LA MONTA\u00d1A RIA\u00d1O 2018 - Montaketak. Estructuras para eventos\" \/>\n<meta property=\"og:description\" content=\"El festival\u00a0M\u00fasica en la Monta\u00f1a, organizado por la\u00a0Consejer\u00eda de Fomento y Medio Ambiente, a trav\u00e9s de la Fundaci\u00f3n Patrimonio Natural, se celebr\u00f3 este s\u00e1bado en la localidad leonesa de\u00a0Ria\u00f1o\u00a0con m\u00e1s de 4.500 asistentes, superando la afluencia esperada. La noche comenz\u00f3 con la actuaci\u00f3n de\u00a0Leo Harlem\u00a0y continu\u00f3 con el concierto de la banda inglesa\u00a0Symphonic Rhapsody of&hellip;\" \/>\n<meta property=\"og:url\" content=\"https:\/\/montaketak.com\/en\/iii-edicion-festival-de-la-montana-riano-2018\/\" \/>\n<meta property=\"og:site_name\" content=\"Montaketak. Estructuras para eventos\" \/>\n<meta property=\"article:published_time\" content=\"2018-08-07T11:53:52+00:00\" \/>\n<meta property=\"og:image\" content=\"https:\/\/montaketak.com\/wp-content\/uploads\/2018\/08\/15cee835-6c1b-4cfe-ab82-58ff8250504c.jpg\" \/>\n\t<meta property=\"og:image:width\" content=\"1600\" \/>\n\t<meta property=\"og:image:height\" content=\"900\" \/>\n\t<meta property=\"og:image:type\" content=\"image\/jpeg\" \/>\n<meta name=\"author\" content=\"Montaketak\" \/>\n<meta name=\"twitter:label1\" content=\"Written by\" \/>\n\t<meta name=\"twitter:data1\" content=\"Montaketak\" \/>\n\t<meta name=\"twitter:label2\" content=\"Est. reading time\" \/>\n\t<meta name=\"twitter:data2\" content=\"1 minutua\" \/>\n<script type=\"application\/ld+json\" class=\"yoast-schema-graph\">{\"@context\":\"https:\/\/schema.org\",\"@graph\":[{\"@type\":\"WebPage\",\"@id\":\"https:\/\/montaketak.com\/en\/iii-edicion-festival-de-la-montana-riano-2018\/\",\"url\":\"https:\/\/montaketak.com\/en\/iii-edicion-festival-de-la-montana-riano-2018\/\",\"name\":\"III EDICION FESTIVAL DE LA MONTA\u00d1A RIA\u00d1O 2018 - Montaketak. Estructuras para eventos\",\"isPartOf\":{\"@id\":\"https:\/\/montaketak.com\/#website\"},\"primaryImageOfPage\":{\"@id\":\"https:\/\/montaketak.com\/en\/iii-edicion-festival-de-la-montana-riano-2018\/#primaryimage\"},\"image\":{\"@id\":\"https:\/\/montaketak.com\/en\/iii-edicion-festival-de-la-montana-riano-2018\/#primaryimage\"},\"thumbnailUrl\":\"http:\/\/montaketak.com\/wp-content\/uploads\/2018\/08\/15cee835-6c1b-4cfe-ab82-58ff8250504c.jpg\",\"datePublished\":\"2018-08-07T11:53:52+00:00\",\"author\":{\"@id\":\"https:\/\/montaketak.com\/#\/schema\/person\/7ad4b6eba053a6a4db80d817c2763b59\"},\"breadcrumb\":{\"@id\":\"https:\/\/montaketak.com\/en\/iii-edicion-festival-de-la-montana-riano-2018\/#breadcrumb\"},\"inLanguage\":\"eu\",\"potentialAction\":[{\"@type\":\"ReadAction\",\"target\":[\"https:\/\/montaketak.com\/en\/iii-edicion-festival-de-la-montana-riano-2018\/\"]}]},{\"@type\":\"ImageObject\",\"inLanguage\":\"eu\",\"@id\":\"https:\/\/montaketak.com\/en\/iii-edicion-festival-de-la-montana-riano-2018\/#primaryimage\",\"url\":\"http:\/\/montaketak.com\/wp-content\/uploads\/2018\/08\/15cee835-6c1b-4cfe-ab82-58ff8250504c.jpg\",\"contentUrl\":\"http:\/\/montaketak.com\/wp-content\/uploads\/2018\/08\/15cee835-6c1b-4cfe-ab82-58ff8250504c.jpg\",\"width\":1600,\"height\":900},{\"@type\":\"BreadcrumbList\",\"@id\":\"https:\/\/montaketak.com\/en\/iii-edicion-festival-de-la-montana-riano-2018\/#breadcrumb\",\"itemListElement\":[{\"@type\":\"ListItem\",\"position\":1,\"name\":\"Portada\",\"item\":\"http:\/\/montaketak.com\/eu\/\"},{\"@type\":\"ListItem\",\"position\":2,\"name\":\"III EDICION FESTIVAL DE LA MONTA\u00d1A RIA\u00d1O 2018\"}]},{\"@type\":\"WebSite\",\"@id\":\"https:\/\/montaketak.com\/#website\",\"url\":\"https:\/\/montaketak.com\/\",\"name\":\"Montaketak\",\"description\":\"Escenarios, Carpas o Vallas\",\"alternateName\":\"Estructuras para eventos en Bizkaia\",\"potentialAction\":[{\"@type\":\"SearchAction\",\"target\":{\"@type\":\"EntryPoint\",\"urlTemplate\":\"https:\/\/montaketak.com\/?s={search_term_string}\"},\"query-input\":{\"@type\":\"PropertyValueSpecification\",\"valueRequired\":true,\"valueName\":\"search_term_string\"}}],\"inLanguage\":\"eu\"},{\"@type\":\"Person\",\"@id\":\"https:\/\/montaketak.com\/#\/schema\/person\/7ad4b6eba053a6a4db80d817c2763b59\",\"name\":\"Montaketak\",\"image\":{\"@type\":\"ImageObject\",\"inLanguage\":\"eu\",\"@id\":\"https:\/\/montaketak.com\/#\/schema\/person\/image\/\",\"url\":\"https:\/\/secure.gravatar.com\/avatar\/2e7ec51f46fde7a6b8ba4cc7af2b3d36?s=96&d=mm&r=g\",\"contentUrl\":\"https:\/\/secure.gravatar.com\/avatar\/2e7ec51f46fde7a6b8ba4cc7af2b3d36?s=96&d=mm&r=g\",\"caption\":\"Montaketak\"}}]}<\/script>\n<!-- \/ Yoast SEO plugin. -->","yoast_head_json":{"title":"III EDICION FESTIVAL DE LA MONTA\u00d1A RIA\u00d1O 2018 - Montaketak. Estructuras para eventos","robots":{"index":"noindex","follow":"follow"},"og_locale":"en_US","og_type":"article","og_title":"III EDICION FESTIVAL DE LA MONTA\u00d1A RIA\u00d1O 2018 - Montaketak. Estructuras para eventos","og_description":"El festival\u00a0M\u00fasica en la Monta\u00f1a, organizado por la\u00a0Consejer\u00eda de Fomento y Medio Ambiente, a trav\u00e9s de la Fundaci\u00f3n Patrimonio Natural, se celebr\u00f3 este s\u00e1bado en la localidad leonesa de\u00a0Ria\u00f1o\u00a0con m\u00e1s de 4.500 asistentes, superando la afluencia esperada. La noche comenz\u00f3 con la actuaci\u00f3n de\u00a0Leo Harlem\u00a0y continu\u00f3 con el concierto de la banda inglesa\u00a0Symphonic Rhapsody of&hellip;","og_url":"https:\/\/montaketak.com\/en\/iii-edicion-festival-de-la-montana-riano-2018\/","og_site_name":"Montaketak. Estructuras para eventos","article_published_time":"2018-08-07T11:53:52+00:00","og_image":[{"width":1600,"height":900,"url":"https:\/\/montaketak.com\/wp-content\/uploads\/2018\/08\/15cee835-6c1b-4cfe-ab82-58ff8250504c.jpg","type":"image\/jpeg"}],"author":"Montaketak","twitter_misc":{"Written by":"Montaketak","Est. reading time":"1 minutua"},"schema":{"@context":"https:\/\/schema.org","@graph":[{"@type":"WebPage","@id":"https:\/\/montaketak.com\/en\/iii-edicion-festival-de-la-montana-riano-2018\/","url":"https:\/\/montaketak.com\/en\/iii-edicion-festival-de-la-montana-riano-2018\/","name":"III EDICION FESTIVAL DE LA MONTA\u00d1A RIA\u00d1O 2018 - Montaketak. Estructuras para eventos","isPartOf":{"@id":"https:\/\/montaketak.com\/#website"},"primaryImageOfPage":{"@id":"https:\/\/montaketak.com\/en\/iii-edicion-festival-de-la-montana-riano-2018\/#primaryimage"},"image":{"@id":"https:\/\/montaketak.com\/en\/iii-edicion-festival-de-la-montana-riano-2018\/#primaryimage"},"thumbnailUrl":"http:\/\/montaketak.com\/wp-content\/uploads\/2018\/08\/15cee835-6c1b-4cfe-ab82-58ff8250504c.jpg","datePublished":"2018-08-07T11:53:52+00:00","author":{"@id":"https:\/\/montaketak.com\/#\/schema\/person\/7ad4b6eba053a6a4db80d817c2763b59"},"breadcrumb":{"@id":"https:\/\/montaketak.com\/en\/iii-edicion-festival-de-la-montana-riano-2018\/#breadcrumb"},"inLanguage":"eu","potentialAction":[{"@type":"ReadAction","target":["https:\/\/montaketak.com\/en\/iii-edicion-festival-de-la-montana-riano-2018\/"]}]},{"@type":"ImageObject","inLanguage":"eu","@id":"https:\/\/montaketak.com\/en\/iii-edicion-festival-de-la-montana-riano-2018\/#primaryimage","url":"http:\/\/montaketak.com\/wp-content\/uploads\/2018\/08\/15cee835-6c1b-4cfe-ab82-58ff8250504c.jpg","contentUrl":"http:\/\/montaketak.com\/wp-content\/uploads\/2018\/08\/15cee835-6c1b-4cfe-ab82-58ff8250504c.jpg","width":1600,"height":900},{"@type":"BreadcrumbList","@id":"https:\/\/montaketak.com\/en\/iii-edicion-festival-de-la-montana-riano-2018\/#breadcrumb","itemListElement":[{"@type":"ListItem","position":1,"name":"Portada","item":"http:\/\/montaketak.com\/eu\/"},{"@type":"ListItem","position":2,"name":"III EDICION FESTIVAL DE LA MONTA\u00d1A RIA\u00d1O 2018"}]},{"@type":"WebSite","@id":"https:\/\/montaketak.com\/#website","url":"https:\/\/montaketak.com\/","name":"Montaketak","description":"Escenarios, Carpas o Vallas","alternateName":"Estructuras para eventos en Bizkaia","potentialAction":[{"@type":"SearchAction","target":{"@type":"EntryPoint","urlTemplate":"https:\/\/montaketak.com\/?s={search_term_string}"},"query-input":{"@type":"PropertyValueSpecification","valueRequired":true,"valueName":"search_term_string"}}],"inLanguage":"eu"},{"@type":"Person","@id":"https:\/\/montaketak.com\/#\/schema\/person\/7ad4b6eba053a6a4db80d817c2763b59","name":"Montaketak","image":{"@type":"ImageObject","inLanguage":"eu","@id":"https:\/\/montaketak.com\/#\/schema\/person\/image\/","url":"https:\/\/secure.gravatar.com\/avatar\/2e7ec51f46fde7a6b8ba4cc7af2b3d36?s=96&d=mm&r=g","contentUrl":"https:\/\/secure.gravatar.com\/avatar\/2e7ec51f46fde7a6b8ba4cc7af2b3d36?s=96&d=mm&r=g","caption":"Montaketak"}}]}},"_links":{"self":[{"href":"http:\/\/montaketak.com\/eu\/wp-json\/wp\/v2\/posts\/3676","targetHints":{"allow":["GET"]}}],"collection":[{"href":"http:\/\/montaketak.com\/eu\/wp-json\/wp\/v2\/posts"}],"about":[{"href":"http:\/\/montaketak.com\/eu\/wp-json\/wp\/v2\/types\/post"}],"author":[{"embeddable":true,"href":"http:\/\/montaketak.com\/eu\/wp-json\/wp\/v2\/users\/9192193"}],"replies":[{"embeddable":true,"href":"http:\/\/montaketak.com\/eu\/wp-json\/wp\/v2\/comments?post=3676"}],"version-history":[{"count":1,"href":"http:\/\/montaketak.com\/eu\/wp-json\/wp\/v2\/posts\/3676\/revisions"}],"predecessor-version":[{"id":3680,"href":"http:\/\/montaketak.com\/eu\/wp-json\/wp\/v2\/posts\/3676\/revisions\/3680"}],"wp:featuredmedia":[{"embeddable":true,"href":"http:\/\/montaketak.com\/eu\/wp-json\/wp\/v2\/media\/3677"}],"wp:attachment":[{"href":"http:\/\/montaketak.com\/eu\/wp-json\/wp\/v2\/media?parent=3676"}],"wp:term":[{"taxonomy":"category","embeddable":true,"href":"http:\/\/montaketak.com\/eu\/wp-json\/wp\/v2\/categories?post=3676"},{"taxonomy":"post_tag","embeddable":true,"href":"http:\/\/montaketak.com\/eu\/wp-json\/wp\/v2\/tags?post=3676"}],"curies":[{"name":"wp","href":"https:\/\/api.w.org\/{rel}","templated":true}]}}