{"id":4152,"date":"2019-04-03T08:25:33","date_gmt":"2019-04-03T06:25:33","guid":{"rendered":"http:\/\/montaketak.com\/?p=4152"},"modified":"2019-10-22T12:19:30","modified_gmt":"2019-10-22T10:19:30","slug":"kerman-pierde-el-europeo-welter-2019","status":"publish","type":"post","link":"http:\/\/montaketak.com\/eu\/kerman-pierde-el-europeo-welter-2019\/","title":{"rendered":"KERMAN PIERDE EL EUROPEO WELTER 2019"},"content":{"rendered":"\r\n<p>Inesperado, porque est\u00e1bamos muy mal acostumbrados. Pero la derrota acaba tarde o temprano citando a un boxeador profesional. Y Kerman Lejarraga, desde ayer, no es una excepci\u00f3n.\u00a0<strong>El escenario, el ambiente, un p\u00fablico al borde del colapso<\/strong>, un curr\u00edculo inmaculado, los brazos abiertos al otro lado del Atl\u00e1ntico, las apuestas casi cinco a uno a su favor. No faltaba nada para que el de Morga volviera a colocarse el cintur\u00f3n europeo welter por tercera vez. Pero se encerr\u00f3 en el ring con una alima\u00f1a. Sin motes recurrentes, ni mayor parafernalia que un gran equipo t\u00e9cnico ingl\u00e9s en su rinc\u00f3n y cuidado.\u00a0<strong>David Avanesyan, excampe\u00f3n del mundo en un par de ocasiones<\/strong> asest\u00f3 una derecha perfectamente doblada por el aspirante que le hizo hincar la rodilla derecha. Fue un impacto seco, demoledor.\u00a0 El evento se disput\u00f3 sin problemas gracias al montaje de Montaketak : sillas con sus numeraciones, Ring, Vallas, Catenarias&#8230;<\/p>\r\n","protected":false},"excerpt":{"rendered":"<p>Inesperado, porque est\u00e1bamos muy mal acostumbrados. Pero la derrota acaba tarde o temprano citando a un boxeador profesional. Y Kerman Lejarraga, desde ayer, no es una excepci\u00f3n.\u00a0El escenario, el ambiente, un p\u00fablico al borde del colapso, un curr\u00edculo inmaculado, los brazos abiertos al otro lado del Atl\u00e1ntico, las apuestas casi cinco a uno a su&hellip;<\/p>\n","protected":false},"author":9192193,"featured_media":4153,"comment_status":"open","ping_status":"open","sticky":false,"template":"","format":"standard","meta":[],"categories":[35],"tags":[],"class_list":["post-4152","post","type-post","status-publish","format-standard","has-post-thumbnail","hentry","category-montajes-eventos","category-35","description-off"],"yoast_head":"<!-- This site is optimized with the Yoast SEO plugin v26.2 - https:\/\/yoast.com\/wordpress\/plugins\/seo\/ -->\n<title>KERMAN PIERDE EL EUROPEO WELTER 2019 - Montaketak. Estructuras para eventos<\/title>\n<meta name=\"robots\" content=\"noindex, follow\" \/>\n<meta property=\"og:locale\" content=\"en_US\" \/>\n<meta property=\"og:type\" content=\"article\" \/>\n<meta property=\"og:title\" content=\"KERMAN PIERDE EL EUROPEO WELTER 2019 - Montaketak. Estructuras para eventos\" \/>\n<meta property=\"og:description\" content=\"Inesperado, porque est\u00e1bamos muy mal acostumbrados. Pero la derrota acaba tarde o temprano citando a un boxeador profesional. Y Kerman Lejarraga, desde ayer, no es una excepci\u00f3n.\u00a0El escenario, el ambiente, un p\u00fablico al borde del colapso, un curr\u00edculo inmaculado, los brazos abiertos al otro lado del Atl\u00e1ntico, las apuestas casi cinco a uno a su&hellip;\" \/>\n<meta property=\"og:url\" content=\"https:\/\/montaketak.com\/en\/kerman-pierde-el-europeo-welter-2019\/\" \/>\n<meta property=\"og:site_name\" content=\"Montaketak. Estructuras para eventos\" \/>\n<meta property=\"article:published_time\" content=\"2019-04-03T06:25:33+00:00\" \/>\n<meta property=\"article:modified_time\" content=\"2019-10-22T10:19:30+00:00\" \/>\n<meta property=\"og:image\" content=\"https:\/\/montaketak.com\/wp-content\/uploads\/2019\/04\/boxeo.jpg\" \/>\n\t<meta property=\"og:image:width\" content=\"800\" \/>\n\t<meta property=\"og:image:height\" content=\"450\" \/>\n\t<meta property=\"og:image:type\" content=\"image\/jpeg\" \/>\n<meta name=\"author\" content=\"Montaketak\" \/>\n<meta name=\"twitter:label1\" content=\"Written by\" \/>\n\t<meta name=\"twitter:data1\" content=\"Montaketak\" \/>\n\t<meta name=\"twitter:label2\" content=\"Est. reading time\" \/>\n\t<meta name=\"twitter:data2\" content=\"1 minutua\" \/>\n<script type=\"application\/ld+json\" class=\"yoast-schema-graph\">{\"@context\":\"https:\/\/schema.org\",\"@graph\":[{\"@type\":\"WebPage\",\"@id\":\"https:\/\/montaketak.com\/en\/kerman-pierde-el-europeo-welter-2019\/\",\"url\":\"https:\/\/montaketak.com\/en\/kerman-pierde-el-europeo-welter-2019\/\",\"name\":\"KERMAN PIERDE EL EUROPEO WELTER 2019 - Montaketak. Estructuras para eventos\",\"isPartOf\":{\"@id\":\"https:\/\/montaketak.com\/#website\"},\"primaryImageOfPage\":{\"@id\":\"https:\/\/montaketak.com\/en\/kerman-pierde-el-europeo-welter-2019\/#primaryimage\"},\"image\":{\"@id\":\"https:\/\/montaketak.com\/en\/kerman-pierde-el-europeo-welter-2019\/#primaryimage\"},\"thumbnailUrl\":\"http:\/\/montaketak.com\/wp-content\/uploads\/2019\/04\/boxeo.jpg\",\"datePublished\":\"2019-04-03T06:25:33+00:00\",\"dateModified\":\"2019-10-22T10:19:30+00:00\",\"author\":{\"@id\":\"https:\/\/montaketak.com\/#\/schema\/person\/7ad4b6eba053a6a4db80d817c2763b59\"},\"breadcrumb\":{\"@id\":\"https:\/\/montaketak.com\/en\/kerman-pierde-el-europeo-welter-2019\/#breadcrumb\"},\"inLanguage\":\"eu\",\"potentialAction\":[{\"@type\":\"ReadAction\",\"target\":[\"https:\/\/montaketak.com\/en\/kerman-pierde-el-europeo-welter-2019\/\"]}]},{\"@type\":\"ImageObject\",\"inLanguage\":\"eu\",\"@id\":\"https:\/\/montaketak.com\/en\/kerman-pierde-el-europeo-welter-2019\/#primaryimage\",\"url\":\"http:\/\/montaketak.com\/wp-content\/uploads\/2019\/04\/boxeo.jpg\",\"contentUrl\":\"http:\/\/montaketak.com\/wp-content\/uploads\/2019\/04\/boxeo.jpg\",\"width\":800,\"height\":450},{\"@type\":\"BreadcrumbList\",\"@id\":\"https:\/\/montaketak.com\/en\/kerman-pierde-el-europeo-welter-2019\/#breadcrumb\",\"itemListElement\":[{\"@type\":\"ListItem\",\"position\":1,\"name\":\"Portada\",\"item\":\"http:\/\/montaketak.com\/eu\/\"},{\"@type\":\"ListItem\",\"position\":2,\"name\":\"KERMAN PIERDE EL EUROPEO WELTER 2019\"}]},{\"@type\":\"WebSite\",\"@id\":\"https:\/\/montaketak.com\/#website\",\"url\":\"https:\/\/montaketak.com\/\",\"name\":\"Montaketak\",\"description\":\"Escenarios, Carpas o Vallas\",\"alternateName\":\"Estructuras para eventos en Bizkaia\",\"potentialAction\":[{\"@type\":\"SearchAction\",\"target\":{\"@type\":\"EntryPoint\",\"urlTemplate\":\"https:\/\/montaketak.com\/?s={search_term_string}\"},\"query-input\":{\"@type\":\"PropertyValueSpecification\",\"valueRequired\":true,\"valueName\":\"search_term_string\"}}],\"inLanguage\":\"eu\"},{\"@type\":\"Person\",\"@id\":\"https:\/\/montaketak.com\/#\/schema\/person\/7ad4b6eba053a6a4db80d817c2763b59\",\"name\":\"Montaketak\",\"image\":{\"@type\":\"ImageObject\",\"inLanguage\":\"eu\",\"@id\":\"https:\/\/montaketak.com\/#\/schema\/person\/image\/\",\"url\":\"https:\/\/secure.gravatar.com\/avatar\/2e7ec51f46fde7a6b8ba4cc7af2b3d36?s=96&d=mm&r=g\",\"contentUrl\":\"https:\/\/secure.gravatar.com\/avatar\/2e7ec51f46fde7a6b8ba4cc7af2b3d36?s=96&d=mm&r=g\",\"caption\":\"Montaketak\"}}]}<\/script>\n<!-- \/ Yoast SEO plugin. -->","yoast_head_json":{"title":"KERMAN PIERDE EL EUROPEO WELTER 2019 - Montaketak. Estructuras para eventos","robots":{"index":"noindex","follow":"follow"},"og_locale":"en_US","og_type":"article","og_title":"KERMAN PIERDE EL EUROPEO WELTER 2019 - Montaketak. Estructuras para eventos","og_description":"Inesperado, porque est\u00e1bamos muy mal acostumbrados. Pero la derrota acaba tarde o temprano citando a un boxeador profesional. Y Kerman Lejarraga, desde ayer, no es una excepci\u00f3n.\u00a0El escenario, el ambiente, un p\u00fablico al borde del colapso, un curr\u00edculo inmaculado, los brazos abiertos al otro lado del Atl\u00e1ntico, las apuestas casi cinco a uno a su&hellip;","og_url":"https:\/\/montaketak.com\/en\/kerman-pierde-el-europeo-welter-2019\/","og_site_name":"Montaketak. Estructuras para eventos","article_published_time":"2019-04-03T06:25:33+00:00","article_modified_time":"2019-10-22T10:19:30+00:00","og_image":[{"width":800,"height":450,"url":"https:\/\/montaketak.com\/wp-content\/uploads\/2019\/04\/boxeo.jpg","type":"image\/jpeg"}],"author":"Montaketak","twitter_misc":{"Written by":"Montaketak","Est. reading time":"1 minutua"},"schema":{"@context":"https:\/\/schema.org","@graph":[{"@type":"WebPage","@id":"https:\/\/montaketak.com\/en\/kerman-pierde-el-europeo-welter-2019\/","url":"https:\/\/montaketak.com\/en\/kerman-pierde-el-europeo-welter-2019\/","name":"KERMAN PIERDE EL EUROPEO WELTER 2019 - Montaketak. Estructuras para eventos","isPartOf":{"@id":"https:\/\/montaketak.com\/#website"},"primaryImageOfPage":{"@id":"https:\/\/montaketak.com\/en\/kerman-pierde-el-europeo-welter-2019\/#primaryimage"},"image":{"@id":"https:\/\/montaketak.com\/en\/kerman-pierde-el-europeo-welter-2019\/#primaryimage"},"thumbnailUrl":"http:\/\/montaketak.com\/wp-content\/uploads\/2019\/04\/boxeo.jpg","datePublished":"2019-04-03T06:25:33+00:00","dateModified":"2019-10-22T10:19:30+00:00","author":{"@id":"https:\/\/montaketak.com\/#\/schema\/person\/7ad4b6eba053a6a4db80d817c2763b59"},"breadcrumb":{"@id":"https:\/\/montaketak.com\/en\/kerman-pierde-el-europeo-welter-2019\/#breadcrumb"},"inLanguage":"eu","potentialAction":[{"@type":"ReadAction","target":["https:\/\/montaketak.com\/en\/kerman-pierde-el-europeo-welter-2019\/"]}]},{"@type":"ImageObject","inLanguage":"eu","@id":"https:\/\/montaketak.com\/en\/kerman-pierde-el-europeo-welter-2019\/#primaryimage","url":"http:\/\/montaketak.com\/wp-content\/uploads\/2019\/04\/boxeo.jpg","contentUrl":"http:\/\/montaketak.com\/wp-content\/uploads\/2019\/04\/boxeo.jpg","width":800,"height":450},{"@type":"BreadcrumbList","@id":"https:\/\/montaketak.com\/en\/kerman-pierde-el-europeo-welter-2019\/#breadcrumb","itemListElement":[{"@type":"ListItem","position":1,"name":"Portada","item":"http:\/\/montaketak.com\/eu\/"},{"@type":"ListItem","position":2,"name":"KERMAN PIERDE EL EUROPEO WELTER 2019"}]},{"@type":"WebSite","@id":"https:\/\/montaketak.com\/#website","url":"https:\/\/montaketak.com\/","name":"Montaketak","description":"Escenarios, Carpas o Vallas","alternateName":"Estructuras para eventos en Bizkaia","potentialAction":[{"@type":"SearchAction","target":{"@type":"EntryPoint","urlTemplate":"https:\/\/montaketak.com\/?s={search_term_string}"},"query-input":{"@type":"PropertyValueSpecification","valueRequired":true,"valueName":"search_term_string"}}],"inLanguage":"eu"},{"@type":"Person","@id":"https:\/\/montaketak.com\/#\/schema\/person\/7ad4b6eba053a6a4db80d817c2763b59","name":"Montaketak","image":{"@type":"ImageObject","inLanguage":"eu","@id":"https:\/\/montaketak.com\/#\/schema\/person\/image\/","url":"https:\/\/secure.gravatar.com\/avatar\/2e7ec51f46fde7a6b8ba4cc7af2b3d36?s=96&d=mm&r=g","contentUrl":"https:\/\/secure.gravatar.com\/avatar\/2e7ec51f46fde7a6b8ba4cc7af2b3d36?s=96&d=mm&r=g","caption":"Montaketak"}}]}},"_links":{"self":[{"href":"http:\/\/montaketak.com\/eu\/wp-json\/wp\/v2\/posts\/4152","targetHints":{"allow":["GET"]}}],"collection":[{"href":"http:\/\/montaketak.com\/eu\/wp-json\/wp\/v2\/posts"}],"about":[{"href":"http:\/\/montaketak.com\/eu\/wp-json\/wp\/v2\/types\/post"}],"author":[{"embeddable":true,"href":"http:\/\/montaketak.com\/eu\/wp-json\/wp\/v2\/users\/9192193"}],"replies":[{"embeddable":true,"href":"http:\/\/montaketak.com\/eu\/wp-json\/wp\/v2\/comments?post=4152"}],"version-history":[{"count":2,"href":"http:\/\/montaketak.com\/eu\/wp-json\/wp\/v2\/posts\/4152\/revisions"}],"predecessor-version":[{"id":4242,"href":"http:\/\/montaketak.com\/eu\/wp-json\/wp\/v2\/posts\/4152\/revisions\/4242"}],"wp:featuredmedia":[{"embeddable":true,"href":"http:\/\/montaketak.com\/eu\/wp-json\/wp\/v2\/media\/4153"}],"wp:attachment":[{"href":"http:\/\/montaketak.com\/eu\/wp-json\/wp\/v2\/media?parent=4152"}],"wp:term":[{"taxonomy":"category","embeddable":true,"href":"http:\/\/montaketak.com\/eu\/wp-json\/wp\/v2\/categories?post=4152"},{"taxonomy":"post_tag","embeddable":true,"href":"http:\/\/montaketak.com\/eu\/wp-json\/wp\/v2\/tags?post=4152"}],"curies":[{"name":"wp","href":"https:\/\/api.w.org\/{rel}","templated":true}]}}