{"id":4162,"date":"2019-04-03T08:53:11","date_gmt":"2019-04-03T06:53:11","guid":{"rendered":"http:\/\/montaketak.com\/?p=4162"},"modified":"2019-10-22T12:18:57","modified_gmt":"2019-10-22T10:18:57","slug":"euskalduna-musika-musica-2019","status":"publish","type":"post","link":"http:\/\/montaketak.com\/eu\/euskalduna-musika-musica-2019\/","title":{"rendered":"EUSKALDUNA &#8211; MUSIKA MUSICA 2019"},"content":{"rendered":"\r\n<p>La Fundaci\u00f3n Bilbao 700 cerr\u00f3 la XVIII edici\u00f3n del festival Musika M\u00fasica 2019, dedicado este a\u00f1o a Londres y Nueva York, con cifras r\u00e9cords de p\u00fablico. Y es que cerca de 30.000 espectadores pasaron durante ese fin de semana por el Euskalduna para vibrar con los 1.500 m\u00fasicos que han participado durante tres d\u00edas en el gran evento de la m\u00fasica cl\u00e1sica. <br \/>El festival ha demostrado que es uno de los acontecimientos culturales m\u00e1s queridos y estimados por el p\u00fablico bilbaino\/vizcaino\/vasco . Algunos de los conciertos se ofrecieron sobre escenario de Montaketak.<br \/><br \/><\/p>\r\n\r\n\r\n\r\n<p>&nbsp;<\/p>\r\n","protected":false},"excerpt":{"rendered":"<p>La Fundaci\u00f3n Bilbao 700 cerr\u00f3 la XVIII edici\u00f3n del festival Musika M\u00fasica 2019, dedicado este a\u00f1o a Londres y Nueva York, con cifras r\u00e9cords de p\u00fablico. Y es que cerca de 30.000 espectadores pasaron durante ese fin de semana por el Euskalduna para vibrar con los 1.500 m\u00fasicos que han participado durante tres d\u00edas en&hellip;<\/p>\n","protected":false},"author":9192193,"featured_media":4171,"comment_status":"open","ping_status":"open","sticky":false,"template":"","format":"standard","meta":[],"categories":[35],"tags":[],"class_list":["post-4162","post","type-post","status-publish","format-standard","has-post-thumbnail","hentry","category-montajes-eventos","category-35","description-off"],"yoast_head":"<!-- This site is optimized with the Yoast SEO plugin v26.2 - https:\/\/yoast.com\/wordpress\/plugins\/seo\/ -->\n<title>EUSKALDUNA - MUSIKA MUSICA 2019 - Montaketak. Estructuras para eventos<\/title>\n<meta name=\"robots\" content=\"noindex, follow\" \/>\n<meta property=\"og:locale\" content=\"en_US\" \/>\n<meta property=\"og:type\" content=\"article\" \/>\n<meta property=\"og:title\" content=\"EUSKALDUNA - MUSIKA MUSICA 2019 - Montaketak. Estructuras para eventos\" \/>\n<meta property=\"og:description\" content=\"La Fundaci\u00f3n Bilbao 700 cerr\u00f3 la XVIII edici\u00f3n del festival Musika M\u00fasica 2019, dedicado este a\u00f1o a Londres y Nueva York, con cifras r\u00e9cords de p\u00fablico. Y es que cerca de 30.000 espectadores pasaron durante ese fin de semana por el Euskalduna para vibrar con los 1.500 m\u00fasicos que han participado durante tres d\u00edas en&hellip;\" \/>\n<meta property=\"og:url\" content=\"https:\/\/montaketak.com\/en\/euskalduna-musika-musica-2019\/\" \/>\n<meta property=\"og:site_name\" content=\"Montaketak. Estructuras para eventos\" \/>\n<meta property=\"article:published_time\" content=\"2019-04-03T06:53:11+00:00\" \/>\n<meta property=\"article:modified_time\" content=\"2019-10-22T10:18:57+00:00\" \/>\n<meta property=\"og:image\" content=\"https:\/\/montaketak.com\/wp-content\/uploads\/2019\/04\/musika-musica.jpg\" \/>\n\t<meta property=\"og:image:width\" content=\"800\" \/>\n\t<meta property=\"og:image:height\" content=\"450\" \/>\n\t<meta property=\"og:image:type\" content=\"image\/jpeg\" \/>\n<meta name=\"author\" content=\"Montaketak\" \/>\n<meta name=\"twitter:label1\" content=\"Written by\" \/>\n\t<meta name=\"twitter:data1\" content=\"Montaketak\" \/>\n\t<meta name=\"twitter:label2\" content=\"Est. reading time\" \/>\n\t<meta name=\"twitter:data2\" content=\"1 minutua\" \/>\n<script type=\"application\/ld+json\" class=\"yoast-schema-graph\">{\"@context\":\"https:\/\/schema.org\",\"@graph\":[{\"@type\":\"WebPage\",\"@id\":\"https:\/\/montaketak.com\/en\/euskalduna-musika-musica-2019\/\",\"url\":\"https:\/\/montaketak.com\/en\/euskalduna-musika-musica-2019\/\",\"name\":\"EUSKALDUNA - MUSIKA MUSICA 2019 - Montaketak. Estructuras para eventos\",\"isPartOf\":{\"@id\":\"https:\/\/montaketak.com\/#website\"},\"primaryImageOfPage\":{\"@id\":\"https:\/\/montaketak.com\/en\/euskalduna-musika-musica-2019\/#primaryimage\"},\"image\":{\"@id\":\"https:\/\/montaketak.com\/en\/euskalduna-musika-musica-2019\/#primaryimage\"},\"thumbnailUrl\":\"http:\/\/montaketak.com\/wp-content\/uploads\/2019\/04\/musika-musica.jpg\",\"datePublished\":\"2019-04-03T06:53:11+00:00\",\"dateModified\":\"2019-10-22T10:18:57+00:00\",\"author\":{\"@id\":\"https:\/\/montaketak.com\/#\/schema\/person\/7ad4b6eba053a6a4db80d817c2763b59\"},\"breadcrumb\":{\"@id\":\"https:\/\/montaketak.com\/en\/euskalduna-musika-musica-2019\/#breadcrumb\"},\"inLanguage\":\"eu\",\"potentialAction\":[{\"@type\":\"ReadAction\",\"target\":[\"https:\/\/montaketak.com\/en\/euskalduna-musika-musica-2019\/\"]}]},{\"@type\":\"ImageObject\",\"inLanguage\":\"eu\",\"@id\":\"https:\/\/montaketak.com\/en\/euskalduna-musika-musica-2019\/#primaryimage\",\"url\":\"http:\/\/montaketak.com\/wp-content\/uploads\/2019\/04\/musika-musica.jpg\",\"contentUrl\":\"http:\/\/montaketak.com\/wp-content\/uploads\/2019\/04\/musika-musica.jpg\",\"width\":800,\"height\":450},{\"@type\":\"BreadcrumbList\",\"@id\":\"https:\/\/montaketak.com\/en\/euskalduna-musika-musica-2019\/#breadcrumb\",\"itemListElement\":[{\"@type\":\"ListItem\",\"position\":1,\"name\":\"Portada\",\"item\":\"http:\/\/montaketak.com\/eu\/\"},{\"@type\":\"ListItem\",\"position\":2,\"name\":\"EUSKALDUNA &#8211; MUSIKA MUSICA 2019\"}]},{\"@type\":\"WebSite\",\"@id\":\"https:\/\/montaketak.com\/#website\",\"url\":\"https:\/\/montaketak.com\/\",\"name\":\"Montaketak\",\"description\":\"Escenarios, Carpas o Vallas\",\"alternateName\":\"Estructuras para eventos en Bizkaia\",\"potentialAction\":[{\"@type\":\"SearchAction\",\"target\":{\"@type\":\"EntryPoint\",\"urlTemplate\":\"https:\/\/montaketak.com\/?s={search_term_string}\"},\"query-input\":{\"@type\":\"PropertyValueSpecification\",\"valueRequired\":true,\"valueName\":\"search_term_string\"}}],\"inLanguage\":\"eu\"},{\"@type\":\"Person\",\"@id\":\"https:\/\/montaketak.com\/#\/schema\/person\/7ad4b6eba053a6a4db80d817c2763b59\",\"name\":\"Montaketak\",\"image\":{\"@type\":\"ImageObject\",\"inLanguage\":\"eu\",\"@id\":\"https:\/\/montaketak.com\/#\/schema\/person\/image\/\",\"url\":\"https:\/\/secure.gravatar.com\/avatar\/2e7ec51f46fde7a6b8ba4cc7af2b3d36?s=96&d=mm&r=g\",\"contentUrl\":\"https:\/\/secure.gravatar.com\/avatar\/2e7ec51f46fde7a6b8ba4cc7af2b3d36?s=96&d=mm&r=g\",\"caption\":\"Montaketak\"}}]}<\/script>\n<!-- \/ Yoast SEO plugin. -->","yoast_head_json":{"title":"EUSKALDUNA - MUSIKA MUSICA 2019 - Montaketak. Estructuras para eventos","robots":{"index":"noindex","follow":"follow"},"og_locale":"en_US","og_type":"article","og_title":"EUSKALDUNA - MUSIKA MUSICA 2019 - Montaketak. Estructuras para eventos","og_description":"La Fundaci\u00f3n Bilbao 700 cerr\u00f3 la XVIII edici\u00f3n del festival Musika M\u00fasica 2019, dedicado este a\u00f1o a Londres y Nueva York, con cifras r\u00e9cords de p\u00fablico. Y es que cerca de 30.000 espectadores pasaron durante ese fin de semana por el Euskalduna para vibrar con los 1.500 m\u00fasicos que han participado durante tres d\u00edas en&hellip;","og_url":"https:\/\/montaketak.com\/en\/euskalduna-musika-musica-2019\/","og_site_name":"Montaketak. Estructuras para eventos","article_published_time":"2019-04-03T06:53:11+00:00","article_modified_time":"2019-10-22T10:18:57+00:00","og_image":[{"width":800,"height":450,"url":"https:\/\/montaketak.com\/wp-content\/uploads\/2019\/04\/musika-musica.jpg","type":"image\/jpeg"}],"author":"Montaketak","twitter_misc":{"Written by":"Montaketak","Est. reading time":"1 minutua"},"schema":{"@context":"https:\/\/schema.org","@graph":[{"@type":"WebPage","@id":"https:\/\/montaketak.com\/en\/euskalduna-musika-musica-2019\/","url":"https:\/\/montaketak.com\/en\/euskalduna-musika-musica-2019\/","name":"EUSKALDUNA - MUSIKA MUSICA 2019 - Montaketak. Estructuras para eventos","isPartOf":{"@id":"https:\/\/montaketak.com\/#website"},"primaryImageOfPage":{"@id":"https:\/\/montaketak.com\/en\/euskalduna-musika-musica-2019\/#primaryimage"},"image":{"@id":"https:\/\/montaketak.com\/en\/euskalduna-musika-musica-2019\/#primaryimage"},"thumbnailUrl":"http:\/\/montaketak.com\/wp-content\/uploads\/2019\/04\/musika-musica.jpg","datePublished":"2019-04-03T06:53:11+00:00","dateModified":"2019-10-22T10:18:57+00:00","author":{"@id":"https:\/\/montaketak.com\/#\/schema\/person\/7ad4b6eba053a6a4db80d817c2763b59"},"breadcrumb":{"@id":"https:\/\/montaketak.com\/en\/euskalduna-musika-musica-2019\/#breadcrumb"},"inLanguage":"eu","potentialAction":[{"@type":"ReadAction","target":["https:\/\/montaketak.com\/en\/euskalduna-musika-musica-2019\/"]}]},{"@type":"ImageObject","inLanguage":"eu","@id":"https:\/\/montaketak.com\/en\/euskalduna-musika-musica-2019\/#primaryimage","url":"http:\/\/montaketak.com\/wp-content\/uploads\/2019\/04\/musika-musica.jpg","contentUrl":"http:\/\/montaketak.com\/wp-content\/uploads\/2019\/04\/musika-musica.jpg","width":800,"height":450},{"@type":"BreadcrumbList","@id":"https:\/\/montaketak.com\/en\/euskalduna-musika-musica-2019\/#breadcrumb","itemListElement":[{"@type":"ListItem","position":1,"name":"Portada","item":"http:\/\/montaketak.com\/eu\/"},{"@type":"ListItem","position":2,"name":"EUSKALDUNA &#8211; MUSIKA MUSICA 2019"}]},{"@type":"WebSite","@id":"https:\/\/montaketak.com\/#website","url":"https:\/\/montaketak.com\/","name":"Montaketak","description":"Escenarios, Carpas o Vallas","alternateName":"Estructuras para eventos en Bizkaia","potentialAction":[{"@type":"SearchAction","target":{"@type":"EntryPoint","urlTemplate":"https:\/\/montaketak.com\/?s={search_term_string}"},"query-input":{"@type":"PropertyValueSpecification","valueRequired":true,"valueName":"search_term_string"}}],"inLanguage":"eu"},{"@type":"Person","@id":"https:\/\/montaketak.com\/#\/schema\/person\/7ad4b6eba053a6a4db80d817c2763b59","name":"Montaketak","image":{"@type":"ImageObject","inLanguage":"eu","@id":"https:\/\/montaketak.com\/#\/schema\/person\/image\/","url":"https:\/\/secure.gravatar.com\/avatar\/2e7ec51f46fde7a6b8ba4cc7af2b3d36?s=96&d=mm&r=g","contentUrl":"https:\/\/secure.gravatar.com\/avatar\/2e7ec51f46fde7a6b8ba4cc7af2b3d36?s=96&d=mm&r=g","caption":"Montaketak"}}]}},"_links":{"self":[{"href":"http:\/\/montaketak.com\/eu\/wp-json\/wp\/v2\/posts\/4162","targetHints":{"allow":["GET"]}}],"collection":[{"href":"http:\/\/montaketak.com\/eu\/wp-json\/wp\/v2\/posts"}],"about":[{"href":"http:\/\/montaketak.com\/eu\/wp-json\/wp\/v2\/types\/post"}],"author":[{"embeddable":true,"href":"http:\/\/montaketak.com\/eu\/wp-json\/wp\/v2\/users\/9192193"}],"replies":[{"embeddable":true,"href":"http:\/\/montaketak.com\/eu\/wp-json\/wp\/v2\/comments?post=4162"}],"version-history":[{"count":2,"href":"http:\/\/montaketak.com\/eu\/wp-json\/wp\/v2\/posts\/4162\/revisions"}],"predecessor-version":[{"id":4241,"href":"http:\/\/montaketak.com\/eu\/wp-json\/wp\/v2\/posts\/4162\/revisions\/4241"}],"wp:featuredmedia":[{"embeddable":true,"href":"http:\/\/montaketak.com\/eu\/wp-json\/wp\/v2\/media\/4171"}],"wp:attachment":[{"href":"http:\/\/montaketak.com\/eu\/wp-json\/wp\/v2\/media?parent=4162"}],"wp:term":[{"taxonomy":"category","embeddable":true,"href":"http:\/\/montaketak.com\/eu\/wp-json\/wp\/v2\/categories?post=4162"},{"taxonomy":"post_tag","embeddable":true,"href":"http:\/\/montaketak.com\/eu\/wp-json\/wp\/v2\/tags?post=4162"}],"curies":[{"name":"wp","href":"https:\/\/api.w.org\/{rel}","templated":true}]}}