{"id":4651,"date":"2020-10-08T13:45:07","date_gmt":"2020-10-08T11:45:07","guid":{"rendered":"http:\/\/montaketak.com\/?p=4651"},"modified":"2020-10-21T09:56:12","modified_gmt":"2020-10-21T07:56:12","slug":"la-encarnacion-udazkena-2020","status":"publish","type":"post","link":"http:\/\/montaketak.com\/eu\/la-encarnacion-udazkena-2020\/","title":{"rendered":"LA ENCARNACI\u00d3N UDAZKENA 2020"},"content":{"rendered":"<p>Montaketak dise\u00f1a el escenario a diferentes alturas simulando una grada para una serie de conciertos ofrecidos en la Iglesia de la Encarnaci\u00f3n de Bilbao. Se trata de un gran reto en cuanto a acotaci\u00f3n y flexibilidad, ya que la escalinata central y los pilares existentes limitan much\u00edsimo el espacio. La Orquesta Sinf\u00f3nica de Acordeones y la Coral de Bilbao gozaron de una gran estabilidad y seguridad en el escenario.<\/p>\n","protected":false},"excerpt":{"rendered":"<p>Montaketak dise\u00f1a el escenario a diferentes alturas simulando una grada para una serie de conciertos ofrecidos en la Iglesia de la Encarnaci\u00f3n de Bilbao. Se trata de un gran reto en cuanto a acotaci\u00f3n y flexibilidad, ya que la escalinata central y los pilares existentes limitan much\u00edsimo el espacio. La Orquesta Sinf\u00f3nica de Acordeones y&hellip;<\/p>\n","protected":false},"author":9192193,"featured_media":4655,"comment_status":"open","ping_status":"open","sticky":false,"template":"","format":"standard","meta":[],"categories":[35],"tags":[],"class_list":["post-4651","post","type-post","status-publish","format-standard","has-post-thumbnail","hentry","category-montajes-eventos","category-35","description-off"],"yoast_head":"<!-- This site is optimized with the Yoast SEO plugin v26.2 - https:\/\/yoast.com\/wordpress\/plugins\/seo\/ -->\n<title>LA ENCARNACI\u00d3N UDAZKENA 2020 - Montaketak. Estructuras para eventos<\/title>\n<meta name=\"robots\" content=\"noindex, follow\" \/>\n<meta property=\"og:locale\" content=\"en_US\" \/>\n<meta property=\"og:type\" content=\"article\" \/>\n<meta property=\"og:title\" content=\"LA ENCARNACI\u00d3N UDAZKENA 2020 - Montaketak. Estructuras para eventos\" \/>\n<meta property=\"og:description\" content=\"Montaketak dise\u00f1a el escenario a diferentes alturas simulando una grada para una serie de conciertos ofrecidos en la Iglesia de la Encarnaci\u00f3n de Bilbao. Se trata de un gran reto en cuanto a acotaci\u00f3n y flexibilidad, ya que la escalinata central y los pilares existentes limitan much\u00edsimo el espacio. La Orquesta Sinf\u00f3nica de Acordeones y&hellip;\" \/>\n<meta property=\"og:url\" content=\"https:\/\/montaketak.com\/en\/la-encarnacion-udazkena-2020\/\" \/>\n<meta property=\"og:site_name\" content=\"Montaketak. Estructuras para eventos\" \/>\n<meta property=\"article:published_time\" content=\"2020-10-08T11:45:07+00:00\" \/>\n<meta property=\"article:modified_time\" content=\"2020-10-21T07:56:12+00:00\" \/>\n<meta property=\"og:image\" content=\"https:\/\/montaketak.com\/wp-content\/uploads\/2020\/10\/udazkena-2020_2.jpg\" \/>\n\t<meta property=\"og:image:width\" content=\"800\" \/>\n\t<meta property=\"og:image:height\" content=\"450\" \/>\n\t<meta property=\"og:image:type\" content=\"image\/jpeg\" \/>\n<meta name=\"author\" content=\"Montaketak\" \/>\n<meta name=\"twitter:label1\" content=\"Written by\" \/>\n\t<meta name=\"twitter:data1\" content=\"Montaketak\" \/>\n<script type=\"application\/ld+json\" class=\"yoast-schema-graph\">{\"@context\":\"https:\/\/schema.org\",\"@graph\":[{\"@type\":\"WebPage\",\"@id\":\"https:\/\/montaketak.com\/en\/la-encarnacion-udazkena-2020\/\",\"url\":\"https:\/\/montaketak.com\/en\/la-encarnacion-udazkena-2020\/\",\"name\":\"LA ENCARNACI\u00d3N UDAZKENA 2020 - Montaketak. Estructuras para eventos\",\"isPartOf\":{\"@id\":\"https:\/\/montaketak.com\/#website\"},\"primaryImageOfPage\":{\"@id\":\"https:\/\/montaketak.com\/en\/la-encarnacion-udazkena-2020\/#primaryimage\"},\"image\":{\"@id\":\"https:\/\/montaketak.com\/en\/la-encarnacion-udazkena-2020\/#primaryimage\"},\"thumbnailUrl\":\"http:\/\/montaketak.com\/wp-content\/uploads\/2020\/10\/udazkena-2020_2.jpg\",\"datePublished\":\"2020-10-08T11:45:07+00:00\",\"dateModified\":\"2020-10-21T07:56:12+00:00\",\"author\":{\"@id\":\"https:\/\/montaketak.com\/#\/schema\/person\/7ad4b6eba053a6a4db80d817c2763b59\"},\"breadcrumb\":{\"@id\":\"https:\/\/montaketak.com\/en\/la-encarnacion-udazkena-2020\/#breadcrumb\"},\"inLanguage\":\"eu\",\"potentialAction\":[{\"@type\":\"ReadAction\",\"target\":[\"https:\/\/montaketak.com\/en\/la-encarnacion-udazkena-2020\/\"]}]},{\"@type\":\"ImageObject\",\"inLanguage\":\"eu\",\"@id\":\"https:\/\/montaketak.com\/en\/la-encarnacion-udazkena-2020\/#primaryimage\",\"url\":\"http:\/\/montaketak.com\/wp-content\/uploads\/2020\/10\/udazkena-2020_2.jpg\",\"contentUrl\":\"http:\/\/montaketak.com\/wp-content\/uploads\/2020\/10\/udazkena-2020_2.jpg\",\"width\":800,\"height\":450,\"caption\":\"Bilbao udazkena 2020\"},{\"@type\":\"BreadcrumbList\",\"@id\":\"https:\/\/montaketak.com\/en\/la-encarnacion-udazkena-2020\/#breadcrumb\",\"itemListElement\":[{\"@type\":\"ListItem\",\"position\":1,\"name\":\"Portada\",\"item\":\"http:\/\/montaketak.com\/eu\/\"},{\"@type\":\"ListItem\",\"position\":2,\"name\":\"LA ENCARNACI\u00d3N UDAZKENA 2020\"}]},{\"@type\":\"WebSite\",\"@id\":\"https:\/\/montaketak.com\/#website\",\"url\":\"https:\/\/montaketak.com\/\",\"name\":\"Montaketak\",\"description\":\"Escenarios, Carpas o Vallas\",\"alternateName\":\"Estructuras para eventos en Bizkaia\",\"potentialAction\":[{\"@type\":\"SearchAction\",\"target\":{\"@type\":\"EntryPoint\",\"urlTemplate\":\"https:\/\/montaketak.com\/?s={search_term_string}\"},\"query-input\":{\"@type\":\"PropertyValueSpecification\",\"valueRequired\":true,\"valueName\":\"search_term_string\"}}],\"inLanguage\":\"eu\"},{\"@type\":\"Person\",\"@id\":\"https:\/\/montaketak.com\/#\/schema\/person\/7ad4b6eba053a6a4db80d817c2763b59\",\"name\":\"Montaketak\",\"image\":{\"@type\":\"ImageObject\",\"inLanguage\":\"eu\",\"@id\":\"https:\/\/montaketak.com\/#\/schema\/person\/image\/\",\"url\":\"https:\/\/secure.gravatar.com\/avatar\/2e7ec51f46fde7a6b8ba4cc7af2b3d36?s=96&d=mm&r=g\",\"contentUrl\":\"https:\/\/secure.gravatar.com\/avatar\/2e7ec51f46fde7a6b8ba4cc7af2b3d36?s=96&d=mm&r=g\",\"caption\":\"Montaketak\"}}]}<\/script>\n<!-- \/ Yoast SEO plugin. -->","yoast_head_json":{"title":"LA ENCARNACI\u00d3N UDAZKENA 2020 - Montaketak. Estructuras para eventos","robots":{"index":"noindex","follow":"follow"},"og_locale":"en_US","og_type":"article","og_title":"LA ENCARNACI\u00d3N UDAZKENA 2020 - Montaketak. Estructuras para eventos","og_description":"Montaketak dise\u00f1a el escenario a diferentes alturas simulando una grada para una serie de conciertos ofrecidos en la Iglesia de la Encarnaci\u00f3n de Bilbao. Se trata de un gran reto en cuanto a acotaci\u00f3n y flexibilidad, ya que la escalinata central y los pilares existentes limitan much\u00edsimo el espacio. La Orquesta Sinf\u00f3nica de Acordeones y&hellip;","og_url":"https:\/\/montaketak.com\/en\/la-encarnacion-udazkena-2020\/","og_site_name":"Montaketak. Estructuras para eventos","article_published_time":"2020-10-08T11:45:07+00:00","article_modified_time":"2020-10-21T07:56:12+00:00","og_image":[{"width":800,"height":450,"url":"https:\/\/montaketak.com\/wp-content\/uploads\/2020\/10\/udazkena-2020_2.jpg","type":"image\/jpeg"}],"author":"Montaketak","twitter_misc":{"Written by":"Montaketak"},"schema":{"@context":"https:\/\/schema.org","@graph":[{"@type":"WebPage","@id":"https:\/\/montaketak.com\/en\/la-encarnacion-udazkena-2020\/","url":"https:\/\/montaketak.com\/en\/la-encarnacion-udazkena-2020\/","name":"LA ENCARNACI\u00d3N UDAZKENA 2020 - Montaketak. Estructuras para eventos","isPartOf":{"@id":"https:\/\/montaketak.com\/#website"},"primaryImageOfPage":{"@id":"https:\/\/montaketak.com\/en\/la-encarnacion-udazkena-2020\/#primaryimage"},"image":{"@id":"https:\/\/montaketak.com\/en\/la-encarnacion-udazkena-2020\/#primaryimage"},"thumbnailUrl":"http:\/\/montaketak.com\/wp-content\/uploads\/2020\/10\/udazkena-2020_2.jpg","datePublished":"2020-10-08T11:45:07+00:00","dateModified":"2020-10-21T07:56:12+00:00","author":{"@id":"https:\/\/montaketak.com\/#\/schema\/person\/7ad4b6eba053a6a4db80d817c2763b59"},"breadcrumb":{"@id":"https:\/\/montaketak.com\/en\/la-encarnacion-udazkena-2020\/#breadcrumb"},"inLanguage":"eu","potentialAction":[{"@type":"ReadAction","target":["https:\/\/montaketak.com\/en\/la-encarnacion-udazkena-2020\/"]}]},{"@type":"ImageObject","inLanguage":"eu","@id":"https:\/\/montaketak.com\/en\/la-encarnacion-udazkena-2020\/#primaryimage","url":"http:\/\/montaketak.com\/wp-content\/uploads\/2020\/10\/udazkena-2020_2.jpg","contentUrl":"http:\/\/montaketak.com\/wp-content\/uploads\/2020\/10\/udazkena-2020_2.jpg","width":800,"height":450,"caption":"Bilbao udazkena 2020"},{"@type":"BreadcrumbList","@id":"https:\/\/montaketak.com\/en\/la-encarnacion-udazkena-2020\/#breadcrumb","itemListElement":[{"@type":"ListItem","position":1,"name":"Portada","item":"http:\/\/montaketak.com\/eu\/"},{"@type":"ListItem","position":2,"name":"LA ENCARNACI\u00d3N UDAZKENA 2020"}]},{"@type":"WebSite","@id":"https:\/\/montaketak.com\/#website","url":"https:\/\/montaketak.com\/","name":"Montaketak","description":"Escenarios, Carpas o Vallas","alternateName":"Estructuras para eventos en Bizkaia","potentialAction":[{"@type":"SearchAction","target":{"@type":"EntryPoint","urlTemplate":"https:\/\/montaketak.com\/?s={search_term_string}"},"query-input":{"@type":"PropertyValueSpecification","valueRequired":true,"valueName":"search_term_string"}}],"inLanguage":"eu"},{"@type":"Person","@id":"https:\/\/montaketak.com\/#\/schema\/person\/7ad4b6eba053a6a4db80d817c2763b59","name":"Montaketak","image":{"@type":"ImageObject","inLanguage":"eu","@id":"https:\/\/montaketak.com\/#\/schema\/person\/image\/","url":"https:\/\/secure.gravatar.com\/avatar\/2e7ec51f46fde7a6b8ba4cc7af2b3d36?s=96&d=mm&r=g","contentUrl":"https:\/\/secure.gravatar.com\/avatar\/2e7ec51f46fde7a6b8ba4cc7af2b3d36?s=96&d=mm&r=g","caption":"Montaketak"}}]}},"_links":{"self":[{"href":"http:\/\/montaketak.com\/eu\/wp-json\/wp\/v2\/posts\/4651","targetHints":{"allow":["GET"]}}],"collection":[{"href":"http:\/\/montaketak.com\/eu\/wp-json\/wp\/v2\/posts"}],"about":[{"href":"http:\/\/montaketak.com\/eu\/wp-json\/wp\/v2\/types\/post"}],"author":[{"embeddable":true,"href":"http:\/\/montaketak.com\/eu\/wp-json\/wp\/v2\/users\/9192193"}],"replies":[{"embeddable":true,"href":"http:\/\/montaketak.com\/eu\/wp-json\/wp\/v2\/comments?post=4651"}],"version-history":[{"count":5,"href":"http:\/\/montaketak.com\/eu\/wp-json\/wp\/v2\/posts\/4651\/revisions"}],"predecessor-version":[{"id":4924,"href":"http:\/\/montaketak.com\/eu\/wp-json\/wp\/v2\/posts\/4651\/revisions\/4924"}],"wp:featuredmedia":[{"embeddable":true,"href":"http:\/\/montaketak.com\/eu\/wp-json\/wp\/v2\/media\/4655"}],"wp:attachment":[{"href":"http:\/\/montaketak.com\/eu\/wp-json\/wp\/v2\/media?parent=4651"}],"wp:term":[{"taxonomy":"category","embeddable":true,"href":"http:\/\/montaketak.com\/eu\/wp-json\/wp\/v2\/categories?post=4651"},{"taxonomy":"post_tag","embeddable":true,"href":"http:\/\/montaketak.com\/eu\/wp-json\/wp\/v2\/tags?post=4651"}],"curies":[{"name":"wp","href":"https:\/\/api.w.org\/{rel}","templated":true}]}}