{"id":3668,"date":"2018-07-18T13:13:29","date_gmt":"2018-07-18T11:13:29","guid":{"rendered":"http:\/\/montaketak.com\/?p=3668"},"modified":"2018-07-18T13:13:29","modified_gmt":"2018-07-18T11:13:29","slug":"montaketak-en-izan-eitb-jaia-celebrada-en-el-palacio-euskalduna","status":"publish","type":"post","link":"https:\/\/montaketak.com\/en\/montaketak-en-izan-eitb-jaia-celebrada-en-el-palacio-euskalduna\/","title":{"rendered":"Montaketak en Izan EiTB Jaia celebrada en el Palacio Euskalduna"},"content":{"rendered":"<div class=\"wpb-content-wrapper\"><p>[vc_row][vc_column][vc_column_text]Montaketak estuvo presente en la celebraci\u00f3n de<a href=\"http:\/\/www.eitb.eus\/es\/grupo-eitb\/detalle\/5122668\/izan-eitb-jaia-este-sabado-palacio-euskalduna\/\"><strong> Izan Eitb Jaia<\/strong><\/a>. El evento celebrado en el Palacio Euskalduna cont\u00f3 con una presencia multitudinaria. En \u00e9l destac\u00f3 el preestreno de la serie &#8216;Go!azen&#8217; y el concierto de Gatibu, de la mano de Gaztea.<\/p>\n<p>Para que un evento salga perfecto es i<strong>mprescindible un buen montaje<\/strong>. Por ello desde Montaketak nos encargamos de que todos los elementos estuviesen perfectamente preparados. En este caso ten\u00edamos como misi\u00f3n instalar el escenario, las torres para PA y publicidad, escaleras acceso al estanque y una rampa adaptada de acceso al estanque. As\u00ed tanto la fiesta y el montaje salieron perfectamente y fueron un \u00e9xito.[\/vc_column_text][vc_empty_space]<div class=\"dt-fancy-separator h3-size\" style=\"width: 100%;\"><div class=\"dt-fancy-title\"><span class=\"separator-holder separator-left\"><\/span>Elementos instalados en Izan Eitb<span class=\"separator-holder separator-right\"><\/span><\/div><\/div>[vc_empty_space][vc_row_inner][vc_column_inner width=&#8221;1\/2&#8243;]<div class=\"standard-arrow bullet-top\"><ul>\n<li>Escenario<\/li>\n<li>Torres para PA y publicidad<\/li>\n<\/ul>\n<\/div>[\/vc_column_inner][vc_column_inner width=&#8221;1\/2&#8243;]<div class=\"standard-arrow bullet-top\"><ul>\n<li>Escaleras acceso al estanque<\/li>\n<li>Rampa adaptada acceso al estanque<\/li>\n<\/ul>\n<p>&nbsp;<\/p>\n<\/div>[\/vc_column_inner][\/vc_row_inner][\/vc_column][\/vc_row][vc_row][vc_column][vc_empty_space][vc_media_grid element_width=&#8221;6&#8243; grid_id=&#8221;vc_gid:1508917664748-c6402854-3a4c-8&#8243; include=&#8221;1176,1179,1182,1185&#8243;][vc_empty_space][\/vc_column][\/vc_row][vc_row type=&#8221;vc_default&#8221; full_width=&#8221;stretch_row&#8221; content_placement=&#8221;middle&#8221; css=&#8221;.vc_custom_1497343198312{margin-bottom: -70px !important;padding-top: 10px !important;padding-bottom: 10px !important;background-color: #dd3333 !important;}&#8221; el_class=&#8221;.cta-home&#8221;][vc_column width=&#8221;2\/3&#8243;][vc_column_text]<\/p>\n<h3 style=\"text-align: center;\"><span style=\"color: #ffffff;\">\u00a1Ll\u00e1manos!<br \/>\nTe asesoramos en el montaje de tu evento<\/span><\/h3>\n<p>[\/vc_column_text][\/vc_column][vc_column width=&#8221;1\/3&#8243;][vc_column_text]<\/p>\n<h3 style=\"text-align: center;\"><span style=\"color: #ffffff;\"><a style=\"color: #ffffff; text-decoration: none;\" href=\"tel:+34946710057\"><i class=\"fa fa-phone\" style=\"margin-right: 5px;\"><\/i>946 71 00 57<\/a><\/span><\/h3>\n<p>[\/vc_column_text][\/vc_column][\/vc_row][vc_row][vc_column][vc_empty_space][\/vc_column][\/vc_row]<\/p>\n<\/div>","protected":false},"excerpt":{"rendered":"<p>[vc_row][vc_column][vc_column_text]Montaketak estuvo presente en la celebraci\u00f3n de Izan Eitb Jaia. El evento celebrado en el Palacio Euskalduna cont\u00f3 con una presencia multitudinaria. En \u00e9l destac\u00f3 el preestreno de la serie &#8216;Go!azen&#8217; y el concierto de Gatibu, de la mano de Gaztea. Para que un evento salga perfecto es imprescindible un buen montaje. Por ello desde&hellip;<\/p>\n","protected":false},"author":1,"featured_media":1184,"comment_status":"closed","ping_status":"open","sticky":false,"template":"","format":"standard","meta":[],"categories":[32],"tags":[],"class_list":["post-3668","post","type-post","status-publish","format-standard","has-post-thumbnail","hentry","category-uncategorized","category-32","description-off"],"yoast_head":"<!-- This site is optimized with the Yoast SEO plugin v26.2 - https:\/\/yoast.com\/wordpress\/plugins\/seo\/ -->\n<title>Montaketak en Izan EiTB Jaia celebrada en el Palacio Euskalduna - Montaketak. Estructuras para eventos<\/title>\n<meta name=\"robots\" content=\"noindex, follow\" \/>\n<meta property=\"og:locale\" content=\"en_US\" \/>\n<meta property=\"og:type\" content=\"article\" \/>\n<meta property=\"og:title\" content=\"Montaketak en Izan EiTB Jaia celebrada en el Palacio Euskalduna - Montaketak. Estructuras para eventos\" \/>\n<meta property=\"og:description\" content=\"[vc_row][vc_column][vc_column_text]Montaketak estuvo presente en la celebraci\u00f3n de Izan Eitb Jaia. El evento celebrado en el Palacio Euskalduna cont\u00f3 con una presencia multitudinaria. En \u00e9l destac\u00f3 el preestreno de la serie &#8216;Go!azen&#8217; y el concierto de Gatibu, de la mano de Gaztea. Para que un evento salga perfecto es imprescindible un buen montaje. Por ello desde&hellip;\" \/>\n<meta property=\"og:url\" content=\"https:\/\/montaketak.com\/en\/montaketak-en-izan-eitb-jaia-celebrada-en-el-palacio-euskalduna\/\" \/>\n<meta property=\"og:site_name\" content=\"Montaketak. Estructuras para eventos\" \/>\n<meta property=\"article:published_time\" content=\"2018-07-18T11:13:29+00:00\" \/>\n<meta property=\"og:image\" content=\"https:\/\/montaketak.com\/wp-content\/uploads\/2017\/10\/eitb-festa.jpg\" \/>\n\t<meta property=\"og:image:width\" content=\"960\" \/>\n\t<meta property=\"og:image:height\" content=\"576\" \/>\n\t<meta property=\"og:image:type\" content=\"image\/jpeg\" \/>\n<meta name=\"author\" content=\"Montaketak\" \/>\n<meta name=\"twitter:label1\" content=\"Written by\" \/>\n\t<meta name=\"twitter:data1\" content=\"Montaketak\" \/>\n\t<meta name=\"twitter:label2\" content=\"Est. reading time\" \/>\n\t<meta name=\"twitter:data2\" content=\"1 minute\" \/>\n<script type=\"application\/ld+json\" class=\"yoast-schema-graph\">{\"@context\":\"https:\/\/schema.org\",\"@graph\":[{\"@type\":\"WebPage\",\"@id\":\"https:\/\/montaketak.com\/en\/montaketak-en-izan-eitb-jaia-celebrada-en-el-palacio-euskalduna\/\",\"url\":\"https:\/\/montaketak.com\/en\/montaketak-en-izan-eitb-jaia-celebrada-en-el-palacio-euskalduna\/\",\"name\":\"Montaketak en Izan EiTB Jaia celebrada en el Palacio Euskalduna - Montaketak. Estructuras para eventos\",\"isPartOf\":{\"@id\":\"https:\/\/montaketak.com\/#website\"},\"primaryImageOfPage\":{\"@id\":\"https:\/\/montaketak.com\/en\/montaketak-en-izan-eitb-jaia-celebrada-en-el-palacio-euskalduna\/#primaryimage\"},\"image\":{\"@id\":\"https:\/\/montaketak.com\/en\/montaketak-en-izan-eitb-jaia-celebrada-en-el-palacio-euskalduna\/#primaryimage\"},\"thumbnailUrl\":\"https:\/\/montaketak.com\/wp-content\/uploads\/2017\/10\/eitb-festa.jpg\",\"datePublished\":\"2018-07-18T11:13:29+00:00\",\"author\":{\"@id\":\"https:\/\/montaketak.com\/#\/schema\/person\/a8ecc495b760c56ea14bfb9a7cb88d9c\"},\"breadcrumb\":{\"@id\":\"https:\/\/montaketak.com\/en\/montaketak-en-izan-eitb-jaia-celebrada-en-el-palacio-euskalduna\/#breadcrumb\"},\"inLanguage\":\"en-US\",\"potentialAction\":[{\"@type\":\"ReadAction\",\"target\":[\"https:\/\/montaketak.com\/en\/montaketak-en-izan-eitb-jaia-celebrada-en-el-palacio-euskalduna\/\"]}]},{\"@type\":\"ImageObject\",\"inLanguage\":\"en-US\",\"@id\":\"https:\/\/montaketak.com\/en\/montaketak-en-izan-eitb-jaia-celebrada-en-el-palacio-euskalduna\/#primaryimage\",\"url\":\"https:\/\/montaketak.com\/wp-content\/uploads\/2017\/10\/eitb-festa.jpg\",\"contentUrl\":\"https:\/\/montaketak.com\/wp-content\/uploads\/2017\/10\/eitb-festa.jpg\",\"width\":960,\"height\":576},{\"@type\":\"BreadcrumbList\",\"@id\":\"https:\/\/montaketak.com\/en\/montaketak-en-izan-eitb-jaia-celebrada-en-el-palacio-euskalduna\/#breadcrumb\",\"itemListElement\":[{\"@type\":\"ListItem\",\"position\":1,\"name\":\"Portada\",\"item\":\"https:\/\/montaketak.com\/en\/\"},{\"@type\":\"ListItem\",\"position\":2,\"name\":\"Montaketak en Izan EiTB Jaia celebrada en el Palacio Euskalduna\"}]},{\"@type\":\"WebSite\",\"@id\":\"https:\/\/montaketak.com\/#website\",\"url\":\"https:\/\/montaketak.com\/\",\"name\":\"Montaketak\",\"description\":\"Escenarios, Carpas o Vallas\",\"alternateName\":\"Estructuras para eventos en Bizkaia\",\"potentialAction\":[{\"@type\":\"SearchAction\",\"target\":{\"@type\":\"EntryPoint\",\"urlTemplate\":\"https:\/\/montaketak.com\/?s={search_term_string}\"},\"query-input\":{\"@type\":\"PropertyValueSpecification\",\"valueRequired\":true,\"valueName\":\"search_term_string\"}}],\"inLanguage\":\"en-US\"},{\"@type\":\"Person\",\"@id\":\"https:\/\/montaketak.com\/#\/schema\/person\/a8ecc495b760c56ea14bfb9a7cb88d9c\",\"name\":\"Montaketak\",\"image\":{\"@type\":\"ImageObject\",\"inLanguage\":\"en-US\",\"@id\":\"https:\/\/montaketak.com\/#\/schema\/person\/image\/\",\"url\":\"https:\/\/secure.gravatar.com\/avatar\/fb23a07e13cf45392a66a3739153ee1b?s=96&d=mm&r=g\",\"contentUrl\":\"https:\/\/secure.gravatar.com\/avatar\/fb23a07e13cf45392a66a3739153ee1b?s=96&d=mm&r=g\",\"caption\":\"Montaketak\"}}]}<\/script>\n<!-- \/ Yoast SEO plugin. -->","yoast_head_json":{"title":"Montaketak en Izan EiTB Jaia celebrada en el Palacio Euskalduna - Montaketak. Estructuras para eventos","robots":{"index":"noindex","follow":"follow"},"og_locale":"en_US","og_type":"article","og_title":"Montaketak en Izan EiTB Jaia celebrada en el Palacio Euskalduna - Montaketak. Estructuras para eventos","og_description":"[vc_row][vc_column][vc_column_text]Montaketak estuvo presente en la celebraci\u00f3n de Izan Eitb Jaia. El evento celebrado en el Palacio Euskalduna cont\u00f3 con una presencia multitudinaria. En \u00e9l destac\u00f3 el preestreno de la serie &#8216;Go!azen&#8217; y el concierto de Gatibu, de la mano de Gaztea. Para que un evento salga perfecto es imprescindible un buen montaje. Por ello desde&hellip;","og_url":"https:\/\/montaketak.com\/en\/montaketak-en-izan-eitb-jaia-celebrada-en-el-palacio-euskalduna\/","og_site_name":"Montaketak. Estructuras para eventos","article_published_time":"2018-07-18T11:13:29+00:00","og_image":[{"width":960,"height":576,"url":"https:\/\/montaketak.com\/wp-content\/uploads\/2017\/10\/eitb-festa.jpg","type":"image\/jpeg"}],"author":"Montaketak","twitter_misc":{"Written by":"Montaketak","Est. reading time":"1 minute"},"schema":{"@context":"https:\/\/schema.org","@graph":[{"@type":"WebPage","@id":"https:\/\/montaketak.com\/en\/montaketak-en-izan-eitb-jaia-celebrada-en-el-palacio-euskalduna\/","url":"https:\/\/montaketak.com\/en\/montaketak-en-izan-eitb-jaia-celebrada-en-el-palacio-euskalduna\/","name":"Montaketak en Izan EiTB Jaia celebrada en el Palacio Euskalduna - Montaketak. Estructuras para eventos","isPartOf":{"@id":"https:\/\/montaketak.com\/#website"},"primaryImageOfPage":{"@id":"https:\/\/montaketak.com\/en\/montaketak-en-izan-eitb-jaia-celebrada-en-el-palacio-euskalduna\/#primaryimage"},"image":{"@id":"https:\/\/montaketak.com\/en\/montaketak-en-izan-eitb-jaia-celebrada-en-el-palacio-euskalduna\/#primaryimage"},"thumbnailUrl":"https:\/\/montaketak.com\/wp-content\/uploads\/2017\/10\/eitb-festa.jpg","datePublished":"2018-07-18T11:13:29+00:00","author":{"@id":"https:\/\/montaketak.com\/#\/schema\/person\/a8ecc495b760c56ea14bfb9a7cb88d9c"},"breadcrumb":{"@id":"https:\/\/montaketak.com\/en\/montaketak-en-izan-eitb-jaia-celebrada-en-el-palacio-euskalduna\/#breadcrumb"},"inLanguage":"en-US","potentialAction":[{"@type":"ReadAction","target":["https:\/\/montaketak.com\/en\/montaketak-en-izan-eitb-jaia-celebrada-en-el-palacio-euskalduna\/"]}]},{"@type":"ImageObject","inLanguage":"en-US","@id":"https:\/\/montaketak.com\/en\/montaketak-en-izan-eitb-jaia-celebrada-en-el-palacio-euskalduna\/#primaryimage","url":"https:\/\/montaketak.com\/wp-content\/uploads\/2017\/10\/eitb-festa.jpg","contentUrl":"https:\/\/montaketak.com\/wp-content\/uploads\/2017\/10\/eitb-festa.jpg","width":960,"height":576},{"@type":"BreadcrumbList","@id":"https:\/\/montaketak.com\/en\/montaketak-en-izan-eitb-jaia-celebrada-en-el-palacio-euskalduna\/#breadcrumb","itemListElement":[{"@type":"ListItem","position":1,"name":"Portada","item":"https:\/\/montaketak.com\/en\/"},{"@type":"ListItem","position":2,"name":"Montaketak en Izan EiTB Jaia celebrada en el Palacio Euskalduna"}]},{"@type":"WebSite","@id":"https:\/\/montaketak.com\/#website","url":"https:\/\/montaketak.com\/","name":"Montaketak","description":"Escenarios, Carpas o Vallas","alternateName":"Estructuras para eventos en Bizkaia","potentialAction":[{"@type":"SearchAction","target":{"@type":"EntryPoint","urlTemplate":"https:\/\/montaketak.com\/?s={search_term_string}"},"query-input":{"@type":"PropertyValueSpecification","valueRequired":true,"valueName":"search_term_string"}}],"inLanguage":"en-US"},{"@type":"Person","@id":"https:\/\/montaketak.com\/#\/schema\/person\/a8ecc495b760c56ea14bfb9a7cb88d9c","name":"Montaketak","image":{"@type":"ImageObject","inLanguage":"en-US","@id":"https:\/\/montaketak.com\/#\/schema\/person\/image\/","url":"https:\/\/secure.gravatar.com\/avatar\/fb23a07e13cf45392a66a3739153ee1b?s=96&d=mm&r=g","contentUrl":"https:\/\/secure.gravatar.com\/avatar\/fb23a07e13cf45392a66a3739153ee1b?s=96&d=mm&r=g","caption":"Montaketak"}}]}},"_links":{"self":[{"href":"https:\/\/montaketak.com\/en\/wp-json\/wp\/v2\/posts\/3668","targetHints":{"allow":["GET"]}}],"collection":[{"href":"https:\/\/montaketak.com\/en\/wp-json\/wp\/v2\/posts"}],"about":[{"href":"https:\/\/montaketak.com\/en\/wp-json\/wp\/v2\/types\/post"}],"author":[{"embeddable":true,"href":"https:\/\/montaketak.com\/en\/wp-json\/wp\/v2\/users\/1"}],"replies":[{"embeddable":true,"href":"https:\/\/montaketak.com\/en\/wp-json\/wp\/v2\/comments?post=3668"}],"version-history":[{"count":1,"href":"https:\/\/montaketak.com\/en\/wp-json\/wp\/v2\/posts\/3668\/revisions"}],"predecessor-version":[{"id":3670,"href":"https:\/\/montaketak.com\/en\/wp-json\/wp\/v2\/posts\/3668\/revisions\/3670"}],"wp:featuredmedia":[{"embeddable":true,"href":"https:\/\/montaketak.com\/en\/wp-json\/wp\/v2\/media\/1184"}],"wp:attachment":[{"href":"https:\/\/montaketak.com\/en\/wp-json\/wp\/v2\/media?parent=3668"}],"wp:term":[{"taxonomy":"category","embeddable":true,"href":"https:\/\/montaketak.com\/en\/wp-json\/wp\/v2\/categories?post=3668"},{"taxonomy":"post_tag","embeddable":true,"href":"https:\/\/montaketak.com\/en\/wp-json\/wp\/v2\/tags?post=3668"}],"curies":[{"name":"wp","href":"https:\/\/api.w.org\/{rel}","templated":true}]}}