{"id":4115,"date":"2019-01-08T16:03:17","date_gmt":"2019-01-08T15:03:17","guid":{"rendered":"http:\/\/montaketak.com\/?p=4115"},"modified":"2019-04-03T08:27:25","modified_gmt":"2019-04-03T06:27:25","slug":"bilbao-arena-pablo-lopez","status":"publish","type":"post","link":"https:\/\/montaketak.com\/en\/bilbao-arena-pablo-lopez\/","title":{"rendered":"BILBAO ARENA &#8211; PABLO LOPEZ 2018"},"content":{"rendered":"\n<p>El pasado S\u00e1bado 22 de Diciembre, el m\u00fasico&nbsp;Pablo L\u00f3pez&nbsp;acudi\u00f3 por segunda vez a Bilbao dentro de su gira nacional \u201cSanta Libertad\u201d. Esta vez el concierto se celebr\u00f3 en un recinto diferente al de su anterior cita en la capital bizkaina, optando por el Bilbao Arena de Miribilla sobre ESCENARIO DE MONTAKETAK. Como es normal en los conciertos del artista, los fans disfrutaron del concierto sentados, haciendo de su show un encuentro \u00edntimo entre el artista y el publico. Que decir de la puesta en escena, fue espectacular. Un escenario lleno de luces y diferentes pantallas con im\u00e1genes que representaban los diferentes significados de sus canciones.<\/p>\n\n\n\n<p>El malague\u00f1o salt\u00f3 al escenario armado como siempre con su piano de cola, y acompa\u00f1ado de su banda, y siendo recibido a gritos de sus fans, los cuales hicieron temblar el recinto. Comenz\u00f3 con el tema \u201cEl camino\u201d, continuando posteriormente con \u201cEl ni\u00f1o\u201d, y no nos hizo esperar mucho tiempo para interpretar uno de sus temas mas conocidos, ya que \u201cEl patio\u201d fue el quinto tema que interpreto, levantando a todos los all\u00ed presentes. Cabe destacar que los fans se quedaron de pies bailando la mayor\u00eda del tiempo, disfrutando de todos sus temazos, en un concierto en el que cant\u00f3 mas de 20 canciones.<\/p>\n\n\n\n<p><\/p>\n","protected":false},"excerpt":{"rendered":"<p>El pasado S\u00e1bado 22 de Diciembre, el m\u00fasico&nbsp;Pablo L\u00f3pez&nbsp;acudi\u00f3 por segunda vez a Bilbao dentro de su gira nacional \u201cSanta Libertad\u201d. Esta vez el concierto se celebr\u00f3 en un recinto diferente al de su anterior cita en la capital bizkaina, optando por el Bilbao Arena de Miribilla sobre ESCENARIO DE MONTAKETAK. Como es normal en&hellip;<\/p>\n","protected":false},"author":9192193,"featured_media":4116,"comment_status":"open","ping_status":"open","sticky":false,"template":"","format":"standard","meta":[],"categories":[35],"tags":[],"class_list":["post-4115","post","type-post","status-publish","format-standard","has-post-thumbnail","hentry","category-montajes-eventos","category-35","description-off"],"yoast_head":"<!-- This site is optimized with the Yoast SEO plugin v26.2 - https:\/\/yoast.com\/wordpress\/plugins\/seo\/ -->\n<title>BILBAO ARENA - PABLO LOPEZ 2018 - Montaketak. Estructuras para eventos<\/title>\n<meta name=\"robots\" content=\"noindex, follow\" \/>\n<meta property=\"og:locale\" content=\"en_US\" \/>\n<meta property=\"og:type\" content=\"article\" \/>\n<meta property=\"og:title\" content=\"BILBAO ARENA - PABLO LOPEZ 2018 - Montaketak. Estructuras para eventos\" \/>\n<meta property=\"og:description\" content=\"El pasado S\u00e1bado 22 de Diciembre, el m\u00fasico&nbsp;Pablo L\u00f3pez&nbsp;acudi\u00f3 por segunda vez a Bilbao dentro de su gira nacional \u201cSanta Libertad\u201d. Esta vez el concierto se celebr\u00f3 en un recinto diferente al de su anterior cita en la capital bizkaina, optando por el Bilbao Arena de Miribilla sobre ESCENARIO DE MONTAKETAK. Como es normal en&hellip;\" \/>\n<meta property=\"og:url\" content=\"https:\/\/montaketak.com\/en\/bilbao-arena-pablo-lopez\/\" \/>\n<meta property=\"og:site_name\" content=\"Montaketak. Estructuras para eventos\" \/>\n<meta property=\"article:published_time\" content=\"2019-01-08T15:03:17+00:00\" \/>\n<meta property=\"article:modified_time\" content=\"2019-04-03T06:27:25+00:00\" \/>\n<meta property=\"og:image\" content=\"https:\/\/montaketak.com\/wp-content\/uploads\/2019\/01\/37.jpg\" \/>\n\t<meta property=\"og:image:width\" content=\"1440\" \/>\n\t<meta property=\"og:image:height\" content=\"960\" \/>\n\t<meta property=\"og:image:type\" content=\"image\/jpeg\" \/>\n<meta name=\"author\" content=\"Montaketak\" \/>\n<meta name=\"twitter:label1\" content=\"Written by\" \/>\n\t<meta name=\"twitter:data1\" content=\"Montaketak\" \/>\n\t<meta name=\"twitter:label2\" content=\"Est. reading time\" \/>\n\t<meta name=\"twitter:data2\" content=\"1 minute\" \/>\n<script type=\"application\/ld+json\" class=\"yoast-schema-graph\">{\"@context\":\"https:\/\/schema.org\",\"@graph\":[{\"@type\":\"WebPage\",\"@id\":\"https:\/\/montaketak.com\/en\/bilbao-arena-pablo-lopez\/\",\"url\":\"https:\/\/montaketak.com\/en\/bilbao-arena-pablo-lopez\/\",\"name\":\"BILBAO ARENA - PABLO LOPEZ 2018 - Montaketak. Estructuras para eventos\",\"isPartOf\":{\"@id\":\"https:\/\/montaketak.com\/#website\"},\"primaryImageOfPage\":{\"@id\":\"https:\/\/montaketak.com\/en\/bilbao-arena-pablo-lopez\/#primaryimage\"},\"image\":{\"@id\":\"https:\/\/montaketak.com\/en\/bilbao-arena-pablo-lopez\/#primaryimage\"},\"thumbnailUrl\":\"https:\/\/montaketak.com\/wp-content\/uploads\/2019\/01\/37.jpg\",\"datePublished\":\"2019-01-08T15:03:17+00:00\",\"dateModified\":\"2019-04-03T06:27:25+00:00\",\"author\":{\"@id\":\"https:\/\/montaketak.com\/#\/schema\/person\/7ad4b6eba053a6a4db80d817c2763b59\"},\"breadcrumb\":{\"@id\":\"https:\/\/montaketak.com\/en\/bilbao-arena-pablo-lopez\/#breadcrumb\"},\"inLanguage\":\"en-US\",\"potentialAction\":[{\"@type\":\"ReadAction\",\"target\":[\"https:\/\/montaketak.com\/en\/bilbao-arena-pablo-lopez\/\"]}]},{\"@type\":\"ImageObject\",\"inLanguage\":\"en-US\",\"@id\":\"https:\/\/montaketak.com\/en\/bilbao-arena-pablo-lopez\/#primaryimage\",\"url\":\"https:\/\/montaketak.com\/wp-content\/uploads\/2019\/01\/37.jpg\",\"contentUrl\":\"https:\/\/montaketak.com\/wp-content\/uploads\/2019\/01\/37.jpg\",\"width\":1440,\"height\":960},{\"@type\":\"BreadcrumbList\",\"@id\":\"https:\/\/montaketak.com\/en\/bilbao-arena-pablo-lopez\/#breadcrumb\",\"itemListElement\":[{\"@type\":\"ListItem\",\"position\":1,\"name\":\"Portada\",\"item\":\"https:\/\/montaketak.com\/en\/\"},{\"@type\":\"ListItem\",\"position\":2,\"name\":\"BILBAO ARENA &#8211; PABLO LOPEZ 2018\"}]},{\"@type\":\"WebSite\",\"@id\":\"https:\/\/montaketak.com\/#website\",\"url\":\"https:\/\/montaketak.com\/\",\"name\":\"Montaketak\",\"description\":\"Escenarios, Carpas o Vallas\",\"alternateName\":\"Estructuras para eventos en Bizkaia\",\"potentialAction\":[{\"@type\":\"SearchAction\",\"target\":{\"@type\":\"EntryPoint\",\"urlTemplate\":\"https:\/\/montaketak.com\/?s={search_term_string}\"},\"query-input\":{\"@type\":\"PropertyValueSpecification\",\"valueRequired\":true,\"valueName\":\"search_term_string\"}}],\"inLanguage\":\"en-US\"},{\"@type\":\"Person\",\"@id\":\"https:\/\/montaketak.com\/#\/schema\/person\/7ad4b6eba053a6a4db80d817c2763b59\",\"name\":\"Montaketak\",\"image\":{\"@type\":\"ImageObject\",\"inLanguage\":\"en-US\",\"@id\":\"https:\/\/montaketak.com\/#\/schema\/person\/image\/\",\"url\":\"https:\/\/secure.gravatar.com\/avatar\/2e7ec51f46fde7a6b8ba4cc7af2b3d36?s=96&d=mm&r=g\",\"contentUrl\":\"https:\/\/secure.gravatar.com\/avatar\/2e7ec51f46fde7a6b8ba4cc7af2b3d36?s=96&d=mm&r=g\",\"caption\":\"Montaketak\"}}]}<\/script>\n<!-- \/ Yoast SEO plugin. -->","yoast_head_json":{"title":"BILBAO ARENA - PABLO LOPEZ 2018 - Montaketak. Estructuras para eventos","robots":{"index":"noindex","follow":"follow"},"og_locale":"en_US","og_type":"article","og_title":"BILBAO ARENA - PABLO LOPEZ 2018 - Montaketak. Estructuras para eventos","og_description":"El pasado S\u00e1bado 22 de Diciembre, el m\u00fasico&nbsp;Pablo L\u00f3pez&nbsp;acudi\u00f3 por segunda vez a Bilbao dentro de su gira nacional \u201cSanta Libertad\u201d. Esta vez el concierto se celebr\u00f3 en un recinto diferente al de su anterior cita en la capital bizkaina, optando por el Bilbao Arena de Miribilla sobre ESCENARIO DE MONTAKETAK. Como es normal en&hellip;","og_url":"https:\/\/montaketak.com\/en\/bilbao-arena-pablo-lopez\/","og_site_name":"Montaketak. Estructuras para eventos","article_published_time":"2019-01-08T15:03:17+00:00","article_modified_time":"2019-04-03T06:27:25+00:00","og_image":[{"width":1440,"height":960,"url":"https:\/\/montaketak.com\/wp-content\/uploads\/2019\/01\/37.jpg","type":"image\/jpeg"}],"author":"Montaketak","twitter_misc":{"Written by":"Montaketak","Est. reading time":"1 minute"},"schema":{"@context":"https:\/\/schema.org","@graph":[{"@type":"WebPage","@id":"https:\/\/montaketak.com\/en\/bilbao-arena-pablo-lopez\/","url":"https:\/\/montaketak.com\/en\/bilbao-arena-pablo-lopez\/","name":"BILBAO ARENA - PABLO LOPEZ 2018 - Montaketak. Estructuras para eventos","isPartOf":{"@id":"https:\/\/montaketak.com\/#website"},"primaryImageOfPage":{"@id":"https:\/\/montaketak.com\/en\/bilbao-arena-pablo-lopez\/#primaryimage"},"image":{"@id":"https:\/\/montaketak.com\/en\/bilbao-arena-pablo-lopez\/#primaryimage"},"thumbnailUrl":"https:\/\/montaketak.com\/wp-content\/uploads\/2019\/01\/37.jpg","datePublished":"2019-01-08T15:03:17+00:00","dateModified":"2019-04-03T06:27:25+00:00","author":{"@id":"https:\/\/montaketak.com\/#\/schema\/person\/7ad4b6eba053a6a4db80d817c2763b59"},"breadcrumb":{"@id":"https:\/\/montaketak.com\/en\/bilbao-arena-pablo-lopez\/#breadcrumb"},"inLanguage":"en-US","potentialAction":[{"@type":"ReadAction","target":["https:\/\/montaketak.com\/en\/bilbao-arena-pablo-lopez\/"]}]},{"@type":"ImageObject","inLanguage":"en-US","@id":"https:\/\/montaketak.com\/en\/bilbao-arena-pablo-lopez\/#primaryimage","url":"https:\/\/montaketak.com\/wp-content\/uploads\/2019\/01\/37.jpg","contentUrl":"https:\/\/montaketak.com\/wp-content\/uploads\/2019\/01\/37.jpg","width":1440,"height":960},{"@type":"BreadcrumbList","@id":"https:\/\/montaketak.com\/en\/bilbao-arena-pablo-lopez\/#breadcrumb","itemListElement":[{"@type":"ListItem","position":1,"name":"Portada","item":"https:\/\/montaketak.com\/en\/"},{"@type":"ListItem","position":2,"name":"BILBAO ARENA &#8211; PABLO LOPEZ 2018"}]},{"@type":"WebSite","@id":"https:\/\/montaketak.com\/#website","url":"https:\/\/montaketak.com\/","name":"Montaketak","description":"Escenarios, Carpas o Vallas","alternateName":"Estructuras para eventos en Bizkaia","potentialAction":[{"@type":"SearchAction","target":{"@type":"EntryPoint","urlTemplate":"https:\/\/montaketak.com\/?s={search_term_string}"},"query-input":{"@type":"PropertyValueSpecification","valueRequired":true,"valueName":"search_term_string"}}],"inLanguage":"en-US"},{"@type":"Person","@id":"https:\/\/montaketak.com\/#\/schema\/person\/7ad4b6eba053a6a4db80d817c2763b59","name":"Montaketak","image":{"@type":"ImageObject","inLanguage":"en-US","@id":"https:\/\/montaketak.com\/#\/schema\/person\/image\/","url":"https:\/\/secure.gravatar.com\/avatar\/2e7ec51f46fde7a6b8ba4cc7af2b3d36?s=96&d=mm&r=g","contentUrl":"https:\/\/secure.gravatar.com\/avatar\/2e7ec51f46fde7a6b8ba4cc7af2b3d36?s=96&d=mm&r=g","caption":"Montaketak"}}]}},"_links":{"self":[{"href":"https:\/\/montaketak.com\/en\/wp-json\/wp\/v2\/posts\/4115","targetHints":{"allow":["GET"]}}],"collection":[{"href":"https:\/\/montaketak.com\/en\/wp-json\/wp\/v2\/posts"}],"about":[{"href":"https:\/\/montaketak.com\/en\/wp-json\/wp\/v2\/types\/post"}],"author":[{"embeddable":true,"href":"https:\/\/montaketak.com\/en\/wp-json\/wp\/v2\/users\/9192193"}],"replies":[{"embeddable":true,"href":"https:\/\/montaketak.com\/en\/wp-json\/wp\/v2\/comments?post=4115"}],"version-history":[{"count":3,"href":"https:\/\/montaketak.com\/en\/wp-json\/wp\/v2\/posts\/4115\/revisions"}],"predecessor-version":[{"id":4157,"href":"https:\/\/montaketak.com\/en\/wp-json\/wp\/v2\/posts\/4115\/revisions\/4157"}],"wp:featuredmedia":[{"embeddable":true,"href":"https:\/\/montaketak.com\/en\/wp-json\/wp\/v2\/media\/4116"}],"wp:attachment":[{"href":"https:\/\/montaketak.com\/en\/wp-json\/wp\/v2\/media?parent=4115"}],"wp:term":[{"taxonomy":"category","embeddable":true,"href":"https:\/\/montaketak.com\/en\/wp-json\/wp\/v2\/categories?post=4115"},{"taxonomy":"post_tag","embeddable":true,"href":"https:\/\/montaketak.com\/en\/wp-json\/wp\/v2\/tags?post=4115"}],"curies":[{"name":"wp","href":"https:\/\/api.w.org\/{rel}","templated":true}]}}