{"id":4235,"date":"2019-10-22T12:15:49","date_gmt":"2019-10-22T10:15:49","guid":{"rendered":"http:\/\/montaketak.com\/?p=4235"},"modified":"2019-10-22T12:18:08","modified_gmt":"2019-10-22T10:18:08","slug":"opera-mendi-mendiyan-2019","status":"publish","type":"post","link":"https:\/\/montaketak.com\/eu\/opera-mendi-mendiyan-2019\/","title":{"rendered":"OPERA MENDI MENDIYAN 2019"},"content":{"rendered":"\r\n<p><em>Mendi-Mendiyan<\/em>\u00a0fue el primer trabajo l\u00edrico de Usandizaga, una \u00f3pera encargada por la Sociedad Coral de Bilbao en 1909 y estrenada el 21 de mayo de 1910 en el Teatro Campos Eliseos, con enorme \u00e9xito. La primera representaci\u00f3n en el Teatro Arriaga de la que se tiene constancia es de finales de mayo de 1911. En \u00e9pocas m\u00e1s recientes, la \u00faltima escenificaci\u00f3n de la obra en el Teatro Arriaga se realiz\u00f3 en 1987. A\u00f1os m\u00e1s tarde, en 2001, se realiz\u00f3 otra versi\u00f3n, pero en formato concierto. Ahora, como colof\u00f3n a la temporada 2018-2019, el p\u00fablico podr\u00e1 disfrutar con la mirada de Calixto Bieito a esta gran obra.<\/p>\r\n\r\n\r\n\r\n<p>Montaketak colabora en la preparaci\u00f3n de las zonas esc\u00e9nicas exteriores por todo Bilbao.<\/p>\r\n","protected":false},"excerpt":{"rendered":"<p>Mendi-Mendiyan\u00a0fue el primer trabajo l\u00edrico de Usandizaga, una \u00f3pera encargada por la Sociedad Coral de Bilbao en 1909 y estrenada el 21 de mayo de 1910 en el Teatro Campos Eliseos, con enorme \u00e9xito. La primera representaci\u00f3n en el Teatro Arriaga de la que se tiene constancia es de finales de mayo de 1911. En&hellip;<\/p>\n","protected":false},"author":9192193,"featured_media":4237,"comment_status":"open","ping_status":"open","sticky":false,"template":"","format":"standard","meta":[],"categories":[35],"tags":[34],"class_list":["post-4235","post","type-post","status-publish","format-standard","has-post-thumbnail","hentry","category-montajes-eventos","tag-montajes","category-35","description-off"],"yoast_head":"<!-- This site is optimized with the Yoast SEO plugin v26.2 - https:\/\/yoast.com\/wordpress\/plugins\/seo\/ -->\n<title>OPERA MENDI MENDIYAN 2019 - Montaketak. Estructuras para eventos<\/title>\n<meta name=\"robots\" content=\"noindex, follow\" \/>\n<meta property=\"og:locale\" content=\"en_US\" \/>\n<meta property=\"og:type\" content=\"article\" \/>\n<meta property=\"og:title\" content=\"OPERA MENDI MENDIYAN 2019 - Montaketak. Estructuras para eventos\" \/>\n<meta property=\"og:description\" content=\"Mendi-Mendiyan\u00a0fue el primer trabajo l\u00edrico de Usandizaga, una \u00f3pera encargada por la Sociedad Coral de Bilbao en 1909 y estrenada el 21 de mayo de 1910 en el Teatro Campos Eliseos, con enorme \u00e9xito. La primera representaci\u00f3n en el Teatro Arriaga de la que se tiene constancia es de finales de mayo de 1911. En&hellip;\" \/>\n<meta property=\"og:url\" content=\"https:\/\/montaketak.com\/opera-mendi-mendiyan-2019\/\" \/>\n<meta property=\"og:site_name\" content=\"Montaketak. Estructuras para eventos\" \/>\n<meta property=\"article:published_time\" content=\"2019-10-22T10:15:49+00:00\" \/>\n<meta property=\"article:modified_time\" content=\"2019-10-22T10:18:08+00:00\" \/>\n<meta property=\"og:image\" content=\"https:\/\/montaketak.com\/wp-content\/uploads\/2019\/10\/bos_mendi_mendiyan-355x220.jpg\" \/>\n\t<meta property=\"og:image:width\" content=\"355\" \/>\n\t<meta property=\"og:image:height\" content=\"220\" \/>\n\t<meta property=\"og:image:type\" content=\"image\/jpeg\" \/>\n<meta name=\"author\" content=\"Montaketak\" \/>\n<meta name=\"twitter:label1\" content=\"Written by\" \/>\n\t<meta name=\"twitter:data1\" content=\"Montaketak\" \/>\n\t<meta name=\"twitter:label2\" content=\"Est. reading time\" \/>\n\t<meta name=\"twitter:data2\" content=\"1 minutua\" \/>\n<script type=\"application\/ld+json\" class=\"yoast-schema-graph\">{\"@context\":\"https:\/\/schema.org\",\"@graph\":[{\"@type\":\"WebPage\",\"@id\":\"https:\/\/montaketak.com\/opera-mendi-mendiyan-2019\/\",\"url\":\"https:\/\/montaketak.com\/opera-mendi-mendiyan-2019\/\",\"name\":\"OPERA MENDI MENDIYAN 2019 - Montaketak. Estructuras para eventos\",\"isPartOf\":{\"@id\":\"https:\/\/montaketak.com\/#website\"},\"primaryImageOfPage\":{\"@id\":\"https:\/\/montaketak.com\/opera-mendi-mendiyan-2019\/#primaryimage\"},\"image\":{\"@id\":\"https:\/\/montaketak.com\/opera-mendi-mendiyan-2019\/#primaryimage\"},\"thumbnailUrl\":\"https:\/\/montaketak.com\/wp-content\/uploads\/2019\/10\/bos_mendi_mendiyan-355x220.jpg\",\"datePublished\":\"2019-10-22T10:15:49+00:00\",\"dateModified\":\"2019-10-22T10:18:08+00:00\",\"author\":{\"@id\":\"https:\/\/montaketak.com\/#\/schema\/person\/7ad4b6eba053a6a4db80d817c2763b59\"},\"breadcrumb\":{\"@id\":\"https:\/\/montaketak.com\/opera-mendi-mendiyan-2019\/#breadcrumb\"},\"inLanguage\":\"eu\",\"potentialAction\":[{\"@type\":\"ReadAction\",\"target\":[\"https:\/\/montaketak.com\/opera-mendi-mendiyan-2019\/\"]}]},{\"@type\":\"ImageObject\",\"inLanguage\":\"eu\",\"@id\":\"https:\/\/montaketak.com\/opera-mendi-mendiyan-2019\/#primaryimage\",\"url\":\"https:\/\/montaketak.com\/wp-content\/uploads\/2019\/10\/bos_mendi_mendiyan-355x220.jpg\",\"contentUrl\":\"https:\/\/montaketak.com\/wp-content\/uploads\/2019\/10\/bos_mendi_mendiyan-355x220.jpg\",\"width\":355,\"height\":220},{\"@type\":\"BreadcrumbList\",\"@id\":\"https:\/\/montaketak.com\/opera-mendi-mendiyan-2019\/#breadcrumb\",\"itemListElement\":[{\"@type\":\"ListItem\",\"position\":1,\"name\":\"Portada\",\"item\":\"http:\/\/montaketak.com\/eu\/\"},{\"@type\":\"ListItem\",\"position\":2,\"name\":\"OPERA MENDI MENDIYAN 2019\"}]},{\"@type\":\"WebSite\",\"@id\":\"https:\/\/montaketak.com\/#website\",\"url\":\"https:\/\/montaketak.com\/\",\"name\":\"Montaketak\",\"description\":\"Escenarios, Carpas o Vallas\",\"alternateName\":\"Estructuras para eventos en Bizkaia\",\"potentialAction\":[{\"@type\":\"SearchAction\",\"target\":{\"@type\":\"EntryPoint\",\"urlTemplate\":\"https:\/\/montaketak.com\/?s={search_term_string}\"},\"query-input\":{\"@type\":\"PropertyValueSpecification\",\"valueRequired\":true,\"valueName\":\"search_term_string\"}}],\"inLanguage\":\"eu\"},{\"@type\":\"Person\",\"@id\":\"https:\/\/montaketak.com\/#\/schema\/person\/7ad4b6eba053a6a4db80d817c2763b59\",\"name\":\"Montaketak\",\"image\":{\"@type\":\"ImageObject\",\"inLanguage\":\"eu\",\"@id\":\"https:\/\/montaketak.com\/#\/schema\/person\/image\/\",\"url\":\"https:\/\/secure.gravatar.com\/avatar\/2e7ec51f46fde7a6b8ba4cc7af2b3d36?s=96&d=mm&r=g\",\"contentUrl\":\"https:\/\/secure.gravatar.com\/avatar\/2e7ec51f46fde7a6b8ba4cc7af2b3d36?s=96&d=mm&r=g\",\"caption\":\"Montaketak\"}}]}<\/script>\n<!-- \/ Yoast SEO plugin. -->","yoast_head_json":{"title":"OPERA MENDI MENDIYAN 2019 - Montaketak. Estructuras para eventos","robots":{"index":"noindex","follow":"follow"},"og_locale":"en_US","og_type":"article","og_title":"OPERA MENDI MENDIYAN 2019 - Montaketak. Estructuras para eventos","og_description":"Mendi-Mendiyan\u00a0fue el primer trabajo l\u00edrico de Usandizaga, una \u00f3pera encargada por la Sociedad Coral de Bilbao en 1909 y estrenada el 21 de mayo de 1910 en el Teatro Campos Eliseos, con enorme \u00e9xito. La primera representaci\u00f3n en el Teatro Arriaga de la que se tiene constancia es de finales de mayo de 1911. En&hellip;","og_url":"https:\/\/montaketak.com\/opera-mendi-mendiyan-2019\/","og_site_name":"Montaketak. Estructuras para eventos","article_published_time":"2019-10-22T10:15:49+00:00","article_modified_time":"2019-10-22T10:18:08+00:00","og_image":[{"width":355,"height":220,"url":"https:\/\/montaketak.com\/wp-content\/uploads\/2019\/10\/bos_mendi_mendiyan-355x220.jpg","type":"image\/jpeg"}],"author":"Montaketak","twitter_misc":{"Written by":"Montaketak","Est. reading time":"1 minutua"},"schema":{"@context":"https:\/\/schema.org","@graph":[{"@type":"WebPage","@id":"https:\/\/montaketak.com\/opera-mendi-mendiyan-2019\/","url":"https:\/\/montaketak.com\/opera-mendi-mendiyan-2019\/","name":"OPERA MENDI MENDIYAN 2019 - Montaketak. Estructuras para eventos","isPartOf":{"@id":"https:\/\/montaketak.com\/#website"},"primaryImageOfPage":{"@id":"https:\/\/montaketak.com\/opera-mendi-mendiyan-2019\/#primaryimage"},"image":{"@id":"https:\/\/montaketak.com\/opera-mendi-mendiyan-2019\/#primaryimage"},"thumbnailUrl":"https:\/\/montaketak.com\/wp-content\/uploads\/2019\/10\/bos_mendi_mendiyan-355x220.jpg","datePublished":"2019-10-22T10:15:49+00:00","dateModified":"2019-10-22T10:18:08+00:00","author":{"@id":"https:\/\/montaketak.com\/#\/schema\/person\/7ad4b6eba053a6a4db80d817c2763b59"},"breadcrumb":{"@id":"https:\/\/montaketak.com\/opera-mendi-mendiyan-2019\/#breadcrumb"},"inLanguage":"eu","potentialAction":[{"@type":"ReadAction","target":["https:\/\/montaketak.com\/opera-mendi-mendiyan-2019\/"]}]},{"@type":"ImageObject","inLanguage":"eu","@id":"https:\/\/montaketak.com\/opera-mendi-mendiyan-2019\/#primaryimage","url":"https:\/\/montaketak.com\/wp-content\/uploads\/2019\/10\/bos_mendi_mendiyan-355x220.jpg","contentUrl":"https:\/\/montaketak.com\/wp-content\/uploads\/2019\/10\/bos_mendi_mendiyan-355x220.jpg","width":355,"height":220},{"@type":"BreadcrumbList","@id":"https:\/\/montaketak.com\/opera-mendi-mendiyan-2019\/#breadcrumb","itemListElement":[{"@type":"ListItem","position":1,"name":"Portada","item":"http:\/\/montaketak.com\/eu\/"},{"@type":"ListItem","position":2,"name":"OPERA MENDI MENDIYAN 2019"}]},{"@type":"WebSite","@id":"https:\/\/montaketak.com\/#website","url":"https:\/\/montaketak.com\/","name":"Montaketak","description":"Escenarios, Carpas o Vallas","alternateName":"Estructuras para eventos en Bizkaia","potentialAction":[{"@type":"SearchAction","target":{"@type":"EntryPoint","urlTemplate":"https:\/\/montaketak.com\/?s={search_term_string}"},"query-input":{"@type":"PropertyValueSpecification","valueRequired":true,"valueName":"search_term_string"}}],"inLanguage":"eu"},{"@type":"Person","@id":"https:\/\/montaketak.com\/#\/schema\/person\/7ad4b6eba053a6a4db80d817c2763b59","name":"Montaketak","image":{"@type":"ImageObject","inLanguage":"eu","@id":"https:\/\/montaketak.com\/#\/schema\/person\/image\/","url":"https:\/\/secure.gravatar.com\/avatar\/2e7ec51f46fde7a6b8ba4cc7af2b3d36?s=96&d=mm&r=g","contentUrl":"https:\/\/secure.gravatar.com\/avatar\/2e7ec51f46fde7a6b8ba4cc7af2b3d36?s=96&d=mm&r=g","caption":"Montaketak"}}]}},"_links":{"self":[{"href":"https:\/\/montaketak.com\/eu\/wp-json\/wp\/v2\/posts\/4235","targetHints":{"allow":["GET"]}}],"collection":[{"href":"https:\/\/montaketak.com\/eu\/wp-json\/wp\/v2\/posts"}],"about":[{"href":"https:\/\/montaketak.com\/eu\/wp-json\/wp\/v2\/types\/post"}],"author":[{"embeddable":true,"href":"https:\/\/montaketak.com\/eu\/wp-json\/wp\/v2\/users\/9192193"}],"replies":[{"embeddable":true,"href":"https:\/\/montaketak.com\/eu\/wp-json\/wp\/v2\/comments?post=4235"}],"version-history":[{"count":2,"href":"https:\/\/montaketak.com\/eu\/wp-json\/wp\/v2\/posts\/4235\/revisions"}],"predecessor-version":[{"id":4240,"href":"https:\/\/montaketak.com\/eu\/wp-json\/wp\/v2\/posts\/4235\/revisions\/4240"}],"wp:featuredmedia":[{"embeddable":true,"href":"https:\/\/montaketak.com\/eu\/wp-json\/wp\/v2\/media\/4237"}],"wp:attachment":[{"href":"https:\/\/montaketak.com\/eu\/wp-json\/wp\/v2\/media?parent=4235"}],"wp:term":[{"taxonomy":"category","embeddable":true,"href":"https:\/\/montaketak.com\/eu\/wp-json\/wp\/v2\/categories?post=4235"},{"taxonomy":"post_tag","embeddable":true,"href":"https:\/\/montaketak.com\/eu\/wp-json\/wp\/v2\/tags?post=4235"}],"curies":[{"name":"wp","href":"https:\/\/api.w.org\/{rel}","templated":true}]}}