{"id":4250,"date":"2019-10-22T12:42:57","date_gmt":"2019-10-22T10:42:57","guid":{"rendered":"http:\/\/montaketak.com\/?p=4250"},"modified":"2019-10-22T12:42:57","modified_gmt":"2019-10-22T10:42:57","slug":"animadeba-2019","status":"publish","type":"post","link":"https:\/\/montaketak.com\/eu\/animadeba-2019\/","title":{"rendered":"ANIMADEBA 2019"},"content":{"rendered":"<p>La localidad costera de Deba acogi\u00f3 del 19 al 23 de junio de este a\u00f1o la <strong>primera edici\u00f3n<\/strong> del <em>Festival Internacional de Cine de Animaci\u00f3n<\/em> Animadeba; un evento que premia los mejores cortometrajes de animaci\u00f3n de las dos categor\u00edas de las que const\u00f3 el certamen (Secci\u00f3n Oficial y Secci\u00f3n de J\u00f3venes realizadores). La idea de organizar un Festival internacional de Cine de Animaci\u00f3n en la localidad de Debabarrena surgi\u00f3 \u201ctras el proceso de reflexi\u00f3n\u201d que llevaron a cabo el pasado a\u00f1o y Montaketak estuvo all\u00ed, instalando la Caja Negra para crear un perfecto ambiente cinematogr\u00e1fico.<\/p>\n","protected":false},"excerpt":{"rendered":"<p>La localidad costera de Deba acogi\u00f3 del 19 al 23 de junio de este a\u00f1o la primera edici\u00f3n del Festival Internacional de Cine de Animaci\u00f3n Animadeba; un evento que premia los mejores cortometrajes de animaci\u00f3n de las dos categor\u00edas de las que const\u00f3 el certamen (Secci\u00f3n Oficial y Secci\u00f3n de J\u00f3venes realizadores). La idea de&hellip;<\/p>\n","protected":false},"author":9192193,"featured_media":4252,"comment_status":"open","ping_status":"open","sticky":false,"template":"","format":"standard","meta":[],"categories":[35],"tags":[],"class_list":["post-4250","post","type-post","status-publish","format-standard","has-post-thumbnail","hentry","category-montajes-eventos","category-35","description-off"],"yoast_head":"<!-- This site is optimized with the Yoast SEO plugin v26.2 - https:\/\/yoast.com\/wordpress\/plugins\/seo\/ -->\n<title>ANIMADEBA 2019 - Montaketak. Estructuras para eventos<\/title>\n<meta name=\"robots\" content=\"noindex, follow\" \/>\n<meta property=\"og:locale\" content=\"en_US\" \/>\n<meta property=\"og:type\" content=\"article\" \/>\n<meta property=\"og:title\" content=\"ANIMADEBA 2019 - Montaketak. Estructuras para eventos\" \/>\n<meta property=\"og:description\" content=\"La localidad costera de Deba acogi\u00f3 del 19 al 23 de junio de este a\u00f1o la primera edici\u00f3n del Festival Internacional de Cine de Animaci\u00f3n Animadeba; un evento que premia los mejores cortometrajes de animaci\u00f3n de las dos categor\u00edas de las que const\u00f3 el certamen (Secci\u00f3n Oficial y Secci\u00f3n de J\u00f3venes realizadores). La idea de&hellip;\" \/>\n<meta property=\"og:url\" content=\"http:\/\/montaketak.com\/animadeba-2019\/\" \/>\n<meta property=\"og:site_name\" content=\"Montaketak. Estructuras para eventos\" \/>\n<meta property=\"article:published_time\" content=\"2019-10-22T10:42:57+00:00\" \/>\n<meta property=\"og:image\" content=\"http:\/\/montaketak.com\/wp-content\/uploads\/2019\/10\/maxresdefault.jpg\" \/>\n\t<meta property=\"og:image:width\" content=\"1280\" \/>\n\t<meta property=\"og:image:height\" content=\"720\" \/>\n\t<meta property=\"og:image:type\" content=\"image\/jpeg\" \/>\n<meta name=\"author\" content=\"Montaketak\" \/>\n<meta name=\"twitter:label1\" content=\"Written by\" \/>\n\t<meta name=\"twitter:data1\" content=\"Montaketak\" \/>\n\t<meta name=\"twitter:label2\" content=\"Est. reading time\" \/>\n\t<meta name=\"twitter:data2\" content=\"1 minutua\" \/>\n<script type=\"application\/ld+json\" class=\"yoast-schema-graph\">{\"@context\":\"https:\/\/schema.org\",\"@graph\":[{\"@type\":\"WebPage\",\"@id\":\"http:\/\/montaketak.com\/animadeba-2019\/\",\"url\":\"http:\/\/montaketak.com\/animadeba-2019\/\",\"name\":\"ANIMADEBA 2019 - Montaketak. Estructuras para eventos\",\"isPartOf\":{\"@id\":\"https:\/\/montaketak.com\/#website\"},\"primaryImageOfPage\":{\"@id\":\"http:\/\/montaketak.com\/animadeba-2019\/#primaryimage\"},\"image\":{\"@id\":\"http:\/\/montaketak.com\/animadeba-2019\/#primaryimage\"},\"thumbnailUrl\":\"https:\/\/montaketak.com\/wp-content\/uploads\/2019\/10\/maxresdefault.jpg\",\"datePublished\":\"2019-10-22T10:42:57+00:00\",\"author\":{\"@id\":\"https:\/\/montaketak.com\/#\/schema\/person\/7ad4b6eba053a6a4db80d817c2763b59\"},\"breadcrumb\":{\"@id\":\"http:\/\/montaketak.com\/animadeba-2019\/#breadcrumb\"},\"inLanguage\":\"eu\",\"potentialAction\":[{\"@type\":\"ReadAction\",\"target\":[\"http:\/\/montaketak.com\/animadeba-2019\/\"]}]},{\"@type\":\"ImageObject\",\"inLanguage\":\"eu\",\"@id\":\"http:\/\/montaketak.com\/animadeba-2019\/#primaryimage\",\"url\":\"https:\/\/montaketak.com\/wp-content\/uploads\/2019\/10\/maxresdefault.jpg\",\"contentUrl\":\"https:\/\/montaketak.com\/wp-content\/uploads\/2019\/10\/maxresdefault.jpg\",\"width\":1280,\"height\":720},{\"@type\":\"BreadcrumbList\",\"@id\":\"http:\/\/montaketak.com\/animadeba-2019\/#breadcrumb\",\"itemListElement\":[{\"@type\":\"ListItem\",\"position\":1,\"name\":\"Portada\",\"item\":\"http:\/\/montaketak.com\/eu\/\"},{\"@type\":\"ListItem\",\"position\":2,\"name\":\"ANIMADEBA 2019\"}]},{\"@type\":\"WebSite\",\"@id\":\"https:\/\/montaketak.com\/#website\",\"url\":\"https:\/\/montaketak.com\/\",\"name\":\"Montaketak\",\"description\":\"Escenarios, Carpas o Vallas\",\"alternateName\":\"Estructuras para eventos en Bizkaia\",\"potentialAction\":[{\"@type\":\"SearchAction\",\"target\":{\"@type\":\"EntryPoint\",\"urlTemplate\":\"https:\/\/montaketak.com\/?s={search_term_string}\"},\"query-input\":{\"@type\":\"PropertyValueSpecification\",\"valueRequired\":true,\"valueName\":\"search_term_string\"}}],\"inLanguage\":\"eu\"},{\"@type\":\"Person\",\"@id\":\"https:\/\/montaketak.com\/#\/schema\/person\/7ad4b6eba053a6a4db80d817c2763b59\",\"name\":\"Montaketak\",\"image\":{\"@type\":\"ImageObject\",\"inLanguage\":\"eu\",\"@id\":\"https:\/\/montaketak.com\/#\/schema\/person\/image\/\",\"url\":\"https:\/\/secure.gravatar.com\/avatar\/2e7ec51f46fde7a6b8ba4cc7af2b3d36?s=96&d=mm&r=g\",\"contentUrl\":\"https:\/\/secure.gravatar.com\/avatar\/2e7ec51f46fde7a6b8ba4cc7af2b3d36?s=96&d=mm&r=g\",\"caption\":\"Montaketak\"}}]}<\/script>\n<!-- \/ Yoast SEO plugin. -->","yoast_head_json":{"title":"ANIMADEBA 2019 - Montaketak. Estructuras para eventos","robots":{"index":"noindex","follow":"follow"},"og_locale":"en_US","og_type":"article","og_title":"ANIMADEBA 2019 - Montaketak. Estructuras para eventos","og_description":"La localidad costera de Deba acogi\u00f3 del 19 al 23 de junio de este a\u00f1o la primera edici\u00f3n del Festival Internacional de Cine de Animaci\u00f3n Animadeba; un evento que premia los mejores cortometrajes de animaci\u00f3n de las dos categor\u00edas de las que const\u00f3 el certamen (Secci\u00f3n Oficial y Secci\u00f3n de J\u00f3venes realizadores). La idea de&hellip;","og_url":"http:\/\/montaketak.com\/animadeba-2019\/","og_site_name":"Montaketak. Estructuras para eventos","article_published_time":"2019-10-22T10:42:57+00:00","og_image":[{"width":1280,"height":720,"url":"http:\/\/montaketak.com\/wp-content\/uploads\/2019\/10\/maxresdefault.jpg","type":"image\/jpeg"}],"author":"Montaketak","twitter_misc":{"Written by":"Montaketak","Est. reading time":"1 minutua"},"schema":{"@context":"https:\/\/schema.org","@graph":[{"@type":"WebPage","@id":"http:\/\/montaketak.com\/animadeba-2019\/","url":"http:\/\/montaketak.com\/animadeba-2019\/","name":"ANIMADEBA 2019 - Montaketak. Estructuras para eventos","isPartOf":{"@id":"https:\/\/montaketak.com\/#website"},"primaryImageOfPage":{"@id":"http:\/\/montaketak.com\/animadeba-2019\/#primaryimage"},"image":{"@id":"http:\/\/montaketak.com\/animadeba-2019\/#primaryimage"},"thumbnailUrl":"https:\/\/montaketak.com\/wp-content\/uploads\/2019\/10\/maxresdefault.jpg","datePublished":"2019-10-22T10:42:57+00:00","author":{"@id":"https:\/\/montaketak.com\/#\/schema\/person\/7ad4b6eba053a6a4db80d817c2763b59"},"breadcrumb":{"@id":"http:\/\/montaketak.com\/animadeba-2019\/#breadcrumb"},"inLanguage":"eu","potentialAction":[{"@type":"ReadAction","target":["http:\/\/montaketak.com\/animadeba-2019\/"]}]},{"@type":"ImageObject","inLanguage":"eu","@id":"http:\/\/montaketak.com\/animadeba-2019\/#primaryimage","url":"https:\/\/montaketak.com\/wp-content\/uploads\/2019\/10\/maxresdefault.jpg","contentUrl":"https:\/\/montaketak.com\/wp-content\/uploads\/2019\/10\/maxresdefault.jpg","width":1280,"height":720},{"@type":"BreadcrumbList","@id":"http:\/\/montaketak.com\/animadeba-2019\/#breadcrumb","itemListElement":[{"@type":"ListItem","position":1,"name":"Portada","item":"http:\/\/montaketak.com\/eu\/"},{"@type":"ListItem","position":2,"name":"ANIMADEBA 2019"}]},{"@type":"WebSite","@id":"https:\/\/montaketak.com\/#website","url":"https:\/\/montaketak.com\/","name":"Montaketak","description":"Escenarios, Carpas o Vallas","alternateName":"Estructuras para eventos en Bizkaia","potentialAction":[{"@type":"SearchAction","target":{"@type":"EntryPoint","urlTemplate":"https:\/\/montaketak.com\/?s={search_term_string}"},"query-input":{"@type":"PropertyValueSpecification","valueRequired":true,"valueName":"search_term_string"}}],"inLanguage":"eu"},{"@type":"Person","@id":"https:\/\/montaketak.com\/#\/schema\/person\/7ad4b6eba053a6a4db80d817c2763b59","name":"Montaketak","image":{"@type":"ImageObject","inLanguage":"eu","@id":"https:\/\/montaketak.com\/#\/schema\/person\/image\/","url":"https:\/\/secure.gravatar.com\/avatar\/2e7ec51f46fde7a6b8ba4cc7af2b3d36?s=96&d=mm&r=g","contentUrl":"https:\/\/secure.gravatar.com\/avatar\/2e7ec51f46fde7a6b8ba4cc7af2b3d36?s=96&d=mm&r=g","caption":"Montaketak"}}]}},"_links":{"self":[{"href":"https:\/\/montaketak.com\/eu\/wp-json\/wp\/v2\/posts\/4250","targetHints":{"allow":["GET"]}}],"collection":[{"href":"https:\/\/montaketak.com\/eu\/wp-json\/wp\/v2\/posts"}],"about":[{"href":"https:\/\/montaketak.com\/eu\/wp-json\/wp\/v2\/types\/post"}],"author":[{"embeddable":true,"href":"https:\/\/montaketak.com\/eu\/wp-json\/wp\/v2\/users\/9192193"}],"replies":[{"embeddable":true,"href":"https:\/\/montaketak.com\/eu\/wp-json\/wp\/v2\/comments?post=4250"}],"version-history":[{"count":1,"href":"https:\/\/montaketak.com\/eu\/wp-json\/wp\/v2\/posts\/4250\/revisions"}],"predecessor-version":[{"id":4255,"href":"https:\/\/montaketak.com\/eu\/wp-json\/wp\/v2\/posts\/4250\/revisions\/4255"}],"wp:featuredmedia":[{"embeddable":true,"href":"https:\/\/montaketak.com\/eu\/wp-json\/wp\/v2\/media\/4252"}],"wp:attachment":[{"href":"https:\/\/montaketak.com\/eu\/wp-json\/wp\/v2\/media?parent=4250"}],"wp:term":[{"taxonomy":"category","embeddable":true,"href":"https:\/\/montaketak.com\/eu\/wp-json\/wp\/v2\/categories?post=4250"},{"taxonomy":"post_tag","embeddable":true,"href":"https:\/\/montaketak.com\/eu\/wp-json\/wp\/v2\/tags?post=4250"}],"curies":[{"name":"wp","href":"https:\/\/api.w.org\/{rel}","templated":true}]}}